{"id":4710,"date":"2026-02-26T07:25:00","date_gmt":"2026-02-26T10:25:00","guid":{"rendered":"https:\/\/oexpressobr.com.br\/?p=4710"},"modified":"2026-02-26T07:31:03","modified_gmt":"2026-02-26T10:31:03","slug":"igreja-catolica-e-cnbb-lancam-campanha-da-fraternidade-2026-com-foco-no-direito-a-moradia-digna","status":"publish","type":"post","link":"https:\/\/oexpressobr.com.br\/?p=4710","title":{"rendered":"IGREJA Cat\u00f3lica e CNBB lan\u00e7am Campanha da Fraternidade 2026 com foco no direito \u00e0 moradia digna"},"content":{"rendered":"\n<p class=\"wp-block-paragraph\">A Confer\u00eancia Nacional dos Bispos do Brasil (CNBB) abriu oficialmente a <strong>Campanha da Fraternidade (CF) 2026<\/strong>, que este ano traz como tema central <strong>&#8220;Fraternidade e Moradia&#8221;<\/strong> e o lema b\u00edblico <strong>&#8220;Ele veio morar entre n\u00f3s&#8221; (Jo 1,14)<\/strong>. A iniciativa, lan\u00e7ada tradicionalmente na Quarta-feira de Cinzas, busca sensibilizar a sociedade e o poder p\u00fablico para o d\u00e9ficit habitacional e para a situa\u00e7\u00e3o das milhares de pessoas que vivem em condi\u00e7\u00f5es prec\u00e1rias ou em situa\u00e7\u00e3o de rua no pa\u00eds.<\/p>\n\n\n\n<p class=\"wp-block-paragraph\">\u200bO Cardeal Leonardo Steiner, arcebispo de Manaus, destacou durante a abertura que a moradia n\u00e3o deve ser vista apenas como um &#8220;aglomerado&#8221; de paredes, mas como um espa\u00e7o de dignidade onde as fam\u00edlias possam crescer em harmonia. &#8220;Ao refletirmos, discutirmos e rezarmos a realidade da moradia, possamos contribuir para que as fam\u00edlias tenham uma moradia digna e um espa\u00e7o digno junto das suas casas&#8221;, afirmou o cardeal, refor\u00e7ando a necessidade de \u00e1reas de lazer e cultura integradas aos lares.<\/p>\n\n\n\n<h3 class=\"wp-block-heading\">\u200bRealidade social e compromisso crist\u00e3o<\/h3>\n\n\n\n<p class=\"wp-block-paragraph\">\u200bA campanha deste ano foca em dados alarmantes: estima-se que mais de <strong>328 mil pessoas vivam em situa\u00e7\u00e3o de rua<\/strong> no Brasil e cerca de <strong>6,2 milh\u00f5es de fam\u00edlias<\/strong> n\u00e3o possuam uma moradia adequada. Para a Igreja, a casa \u00e9 a &#8220;porta de entrada&#8221; para todos os outros direitos fundamentais, como sa\u00fade, educa\u00e7\u00e3o e seguran\u00e7a.<\/p>\n\n\n\n<p class=\"wp-block-paragraph\">\u200bO texto-base da CF 2026 critica a vis\u00e3o da moradia como mera mercadoria dependente da l\u00f3gica de mercado, defendendo-a como um direito sagrado e constitucional. Dom Leonardo Steiner e outros l\u00edderes da CNBB enfatizam que a f\u00e9 crist\u00e3 \u00e9 indissoci\u00e1vel do compromisso social, citando o exemplo de Jesus, que nasceu em condi\u00e7\u00f5es de vulnerabilidade e &#8220;fez sua morada entre n\u00f3s&#8221;.<\/p>\n\n\n\n<h3 class=\"wp-block-heading\">\u200bA\u00e7\u00f5es e mobiliza\u00e7\u00e3o<\/h3>\n\n\n\n<p class=\"wp-block-paragraph\">\u200bComo parte das atividades pr\u00e1ticas, a Igreja promove a <strong>Coleta Nacional da Solidariedade<\/strong>, marcada para o Domingo de Ramos (29 de mar\u00e7o). Os recursos arrecadados ser\u00e3o destinados a projetos que combatem a precariedade habitacional em todo o pa\u00eds. Al\u00e9m disso, a campanha incentiva o di\u00e1logo com prefeituras e governos estaduais para a efetiva\u00e7\u00e3o de pol\u00edticas p\u00fablicas habitacionais, especialmente em \u00e1reas de risco e periferias.<\/p>\n\n\n\n<p class=\"wp-block-paragraph\">\u200bEm diversas regi\u00f5es, como na Amaz\u00f4nia, a abertura da campanha ocorreu em locais simb\u00f3licos, como \u00e1reas de igarap\u00e9s e ocupa\u00e7\u00f5es, para evidenciar a urg\u00eancia do tema. A meta \u00e9 que a reflex\u00e3o quaresmal se transforme em gestos concretos de justi\u00e7a social, garantindo que o &#8220;teto&#8221; seja uma realidade para todos os brasileiros at\u00e9 o fim de 2026.<\/p>\n","protected":false},"excerpt":{"rendered":"<p>A Confer\u00eancia Nacional dos Bispos do Brasil (CNBB) abriu oficialmente a Campanha da Fraternidade (CF) 2026, que este ano traz como tema central &#8220;Fraternidade e [&#8230;]<\/p>\n","protected":false},"author":1,"featured_media":4711,"comment_status":"open","ping_status":"open","sticky":false,"template":"","format":"standard","meta":{"_crdt_document":"","_jetpack_memberships_contains_paid_content":false,"footnotes":"","jetpack_publicize_message":"","jetpack_publicize_feature_enabled":true,"jetpack_social_post_already_shared":true,"jetpack_social_options":{"image_generator_settings":{"template":"highway","default_image_id":0,"font":"","enabled":false},"version":2}},"categories":[3],"tags":[],"class_list":["post-4710","post","type-post","status-publish","format-standard","has-post-thumbnail","hentry","category-brasil"],"jetpack_publicize_connections":[],"jetpack_featured_media_url":"https:\/\/i0.wp.com\/oexpressobr.com.br\/wp-content\/uploads\/2026\/02\/IMG-20260226-WA0049.jpg?fit=1132%2C1600&ssl=1","jetpack_likes_enabled":true,"jetpack_sharing_enabled":true,"_links":{"self":[{"href":"https:\/\/oexpressobr.com.br\/index.php?rest_route=\/wp\/v2\/posts\/4710","targetHints":{"allow":["GET"]}}],"collection":[{"href":"https:\/\/oexpressobr.com.br\/index.php?rest_route=\/wp\/v2\/posts"}],"about":[{"href":"https:\/\/oexpressobr.com.br\/index.php?rest_route=\/wp\/v2\/types\/post"}],"author":[{"embeddable":true,"href":"https:\/\/oexpressobr.com.br\/index.php?rest_route=\/wp\/v2\/users\/1"}],"replies":[{"embeddable":true,"href":"https:\/\/oexpressobr.com.br\/index.php?rest_route=%2Fwp%2Fv2%2Fcomments&post=4710"}],"version-history":[{"count":1,"href":"https:\/\/oexpressobr.com.br\/index.php?rest_route=\/wp\/v2\/posts\/4710\/revisions"}],"predecessor-version":[{"id":4712,"href":"https:\/\/oexpressobr.com.br\/index.php?rest_route=\/wp\/v2\/posts\/4710\/revisions\/4712"}],"wp:featuredmedia":[{"embeddable":true,"href":"https:\/\/oexpressobr.com.br\/index.php?rest_route=\/wp\/v2\/media\/4711"}],"wp:attachment":[{"href":"https:\/\/oexpressobr.com.br\/index.php?rest_route=%2Fwp%2Fv2%2Fmedia&parent=4710"}],"wp:term":[{"taxonomy":"category","embeddable":true,"href":"https:\/\/oexpressobr.com.br\/index.php?rest_route=%2Fwp%2Fv2%2Fcategories&post=4710"},{"taxonomy":"post_tag","embeddable":true,"href":"https:\/\/oexpressobr.com.br\/index.php?rest_route=%2Fwp%2Fv2%2Ftags&post=4710"}],"curies":[{"name":"wp","href":"https:\/\/api.w.org\/{rel}","templated":true}]}}