{"id":4713,"date":"2026-02-26T07:34:29","date_gmt":"2026-02-26T10:34:29","guid":{"rendered":"https:\/\/oexpressobr.com.br\/?p=4713"},"modified":"2026-02-26T07:34:34","modified_gmt":"2026-02-26T10:34:34","slug":"comunidade-catolica-em-luto-apos-morte-de-padre-pedro-ribeiro-no-parana","status":"publish","type":"post","link":"https:\/\/oexpressobr.com.br\/?p=4713","title":{"rendered":"COMUNIDADE CAT\u00d3LICA EM luto ap\u00f3s morte de padre Pedro Ribeiro no Paran\u00e1"},"content":{"rendered":"\n<p class=\"wp-block-paragraph\">\u200bA comunidade cat\u00f3lica de Curitiba e do interior do estado foi surpreendida nesta quarta-feira, 25 de fevereiro de 2026, com a tr\u00e1gica not\u00edcia da morte do padre Pedro Ribeiro, de 59 anos. O corpo do sacerdote foi encontrado em um terreno anexo \u00e0 Igreja S\u00e3o Jorge, localizada no bairro Port\u00e3o, na capital paranaense, onde ele exercia suas fun\u00e7\u00f5es ministeriais.<\/p>\n\n\n\n<p class=\"wp-block-paragraph\">\u200bNatural de Mur\u00e7a, em Portugal, o padre Pedro Ribeiro era uma figura muito querida por onde passava. Antes de se estabelecer em Curitiba, ele teve uma atua\u00e7\u00e3o marcante em munic\u00edpios do interior, como Manoel Ribas e Turvo (na Par\u00f3quia Nossa Senhora Aparecida), onde cultivou la\u00e7os profundos com os fi\u00e9is. A not\u00edcia de seu falecimento gerou uma onda imediata de homenagens nas redes sociais e em frente \u00e0 par\u00f3quia, com fi\u00e9is descrevendo-o como uma pessoa de alegria cativante.<\/p>\n\n\n\n<p class=\"wp-block-paragraph\">\u200bAs autoridades policiais foram acionadas e estiveram no local para realizar a per\u00edcia. De acordo com informa\u00e7\u00f5es preliminares fornecidas por testemunhas e reportadas por ve\u00edculos locais, o padre teria deixado uma carta de despedida, o que levanta a suspeita de que ele enfrentava dores emocionais profundas em sil\u00eancio. A Arquidiocese de Curitiba manifestou profundo pesar e informou que est\u00e1 acompanhando as investiga\u00e7\u00f5es conduzidas pela Pol\u00edcia Civil para esclarecer as circunst\u00e2ncias do ocorrido.<\/p>\n\n\n\n<p class=\"wp-block-paragraph\">\u200bEste epis\u00f3dio reacende o debate sobre a sa\u00fade mental e o suporte emocional oferecido aos l\u00edderes religiosos. Amigos e conhecidos destacaram que, apesar de sempre demonstrar vigor em seu trabalho pastoral, o &#8220;padre portugu\u00eas&#8221;, como era carinhosamente chamado, guardava ang\u00fastias que poucos conheciam.<\/p>\n\n\n\n<p class=\"wp-block-paragraph\">\u200bA Igreja S\u00e3o Jorge deve divulgar em breve os detalhes sobre o vel\u00f3rio e o sepultamento, que devem atrair fi\u00e9is de diversas regi\u00f5es do Paran\u00e1 onde o padre Pedro Ribeiro deixou seu legado de f\u00e9.<\/p>\n\n\n\n<p class=\"wp-block-paragraph\">\u200b<strong>Nota de Apoio:<\/strong> Caso voc\u00ea ou algu\u00e9m que voc\u00ea conhe\u00e7a esteja passando por um momento dif\u00edcil, procure ajuda. O CVV (Centro de Valoriza\u00e7\u00e3o da Vida) oferece apoio emocional gratuito pelo telefone 188 ou pelo site oficial.<\/p>\n","protected":false},"excerpt":{"rendered":"<p>\u200bA comunidade cat\u00f3lica de Curitiba e do interior do estado foi surpreendida nesta quarta-feira, 25 de fevereiro de 2026, com a tr\u00e1gica not\u00edcia da morte [&#8230;]<\/p>\n","protected":false},"author":1,"featured_media":4714,"comment_status":"open","ping_status":"open","sticky":false,"template":"","format":"standard","meta":{"_crdt_document":"","_jetpack_memberships_contains_paid_content":false,"footnotes":"","jetpack_publicize_message":"","jetpack_publicize_feature_enabled":true,"jetpack_social_post_already_shared":true,"jetpack_social_options":{"image_generator_settings":{"template":"highway","default_image_id":0,"font":"","enabled":false},"version":2}},"categories":[46],"tags":[],"class_list":["post-4713","post","type-post","status-publish","format-standard","has-post-thumbnail","hentry","category-cidades"],"jetpack_publicize_connections":[],"jetpack_featured_media_url":"https:\/\/i0.wp.com\/oexpressobr.com.br\/wp-content\/uploads\/2026\/02\/IMG-20260226-WA0064.jpg?fit=1600%2C1076&ssl=1","jetpack_likes_enabled":true,"jetpack_sharing_enabled":true,"_links":{"self":[{"href":"https:\/\/oexpressobr.com.br\/index.php?rest_route=\/wp\/v2\/posts\/4713","targetHints":{"allow":["GET"]}}],"collection":[{"href":"https:\/\/oexpressobr.com.br\/index.php?rest_route=\/wp\/v2\/posts"}],"about":[{"href":"https:\/\/oexpressobr.com.br\/index.php?rest_route=\/wp\/v2\/types\/post"}],"author":[{"embeddable":true,"href":"https:\/\/oexpressobr.com.br\/index.php?rest_route=\/wp\/v2\/users\/1"}],"replies":[{"embeddable":true,"href":"https:\/\/oexpressobr.com.br\/index.php?rest_route=%2Fwp%2Fv2%2Fcomments&post=4713"}],"version-history":[{"count":1,"href":"https:\/\/oexpressobr.com.br\/index.php?rest_route=\/wp\/v2\/posts\/4713\/revisions"}],"predecessor-version":[{"id":4715,"href":"https:\/\/oexpressobr.com.br\/index.php?rest_route=\/wp\/v2\/posts\/4713\/revisions\/4715"}],"wp:featuredmedia":[{"embeddable":true,"href":"https:\/\/oexpressobr.com.br\/index.php?rest_route=\/wp\/v2\/media\/4714"}],"wp:attachment":[{"href":"https:\/\/oexpressobr.com.br\/index.php?rest_route=%2Fwp%2Fv2%2Fmedia&parent=4713"}],"wp:term":[{"taxonomy":"category","embeddable":true,"href":"https:\/\/oexpressobr.com.br\/index.php?rest_route=%2Fwp%2Fv2%2Fcategories&post=4713"},{"taxonomy":"post_tag","embeddable":true,"href":"https:\/\/oexpressobr.com.br\/index.php?rest_route=%2Fwp%2Fv2%2Ftags&post=4713"}],"curies":[{"name":"wp","href":"https:\/\/api.w.org\/{rel}","templated":true}]}}