{"id":473,"date":"2025-12-09T08:52:46","date_gmt":"2025-12-09T11:52:46","guid":{"rendered":"https:\/\/oexpressobr.com.br\/?p=473"},"modified":"2025-12-09T08:52:47","modified_gmt":"2025-12-09T11:52:47","slug":"ambev-projeta-13-meses-em-2026-com-copa-e-feriados-afirma-ceo-carlos-lisboa","status":"publish","type":"post","link":"https:\/\/oexpressobr.com.br\/?p=473","title":{"rendered":"Ambev Projeta &#8217;13 Meses&#8217; em 2026 com Copa e Feriados, Afirma CEO Carlos Lisboa"},"content":{"rendered":"\n<p class=\"wp-block-paragraph\">Carlos Lisboa, CEO da Ambev no Brasil, abordou os desafios e as ambi\u00e7\u00f5es da companhia durante uma entrevista recente, destacando como eventos-chave e a cria\u00e7\u00e3o de novas ocasi\u00f5es de consumo moldar\u00e3o o desempenho da empresa nos pr\u00f3ximos anos.<\/p>\n\n\n\n<p class=\"wp-block-paragraph\">\u200bLisboa iniciou sua gest\u00e3o no Brasil enfrentando um cen\u00e1rio at\u00edpico: um ano com <strong>temperaturas consideravelmente baixas<\/strong>, o que tradicionalmente impacta o consumo de bebidas. No entanto, o foco agora se volta para o futuro, com grandes expectativas depositadas em <strong>2026<\/strong>.<\/p>\n\n\n\n<blockquote class=\"wp-block-quote is-layout-flow wp-block-quote-is-layout-flow\">\n<p class=\"wp-block-paragraph\">\u200b&#8221;A Copa do Mundo de 2026 e a concentra\u00e7\u00e3o de feriados far\u00e3o nosso 2026 ter 13 meses,&#8221; projetou o executivo.<\/p>\n<\/blockquote>\n\n\n\n<p class=\"wp-block-paragraph\">\u200bEssa met\u00e1fora ilustra o potencial de aumento de vendas e consumo gerado por eventos de grande apelo popular e dias de folga, que impulsionam reuni\u00f5es sociais e celebra\u00e7\u00f5es. A Ambev historicamente capitaliza sobre esses picos, utilizando o per\u00edodo para fortalecer a conex\u00e3o com o consumidor e promover o seu vasto portf\u00f3lio.<\/p>\n\n\n\n<h3 class=\"wp-block-heading\">\u200bEstrat\u00e9gia de Crescimento e Novas Ocasi\u00f5es de Consumo<\/h3>\n\n\n\n<p class=\"wp-block-paragraph\">\u200bO crescimento da Ambev, segundo Lisboa, n\u00e3o se baseia apenas em grandes eventos, mas tamb\u00e9m na <strong>expans\u00e3o constante das ocasi\u00f5es de consumo<\/strong>. A empresa tem investido na diversifica\u00e7\u00e3o do seu portf\u00f3lio, abrangendo desde o segmento <em>premium<\/em> at\u00e9 bebidas n\u00e3o-alco\u00f3licas e <em>hard seltzers<\/em>, mirando diferentes momentos do dia e perfis de consumidores.<\/p>\n\n\n\n<ul class=\"wp-block-list\">\n<li>\u200b<strong>Diversifica\u00e7\u00e3o:<\/strong> O crescimento do segmento <em>premium<\/em> e a atua\u00e7\u00e3o em categorias como chopes e <em>seltzers<\/em> demonstram a busca por novos <em>market shares<\/em>.<\/li>\n\n\n\n<li>\u200b<strong>Sustentabilidade e Inova\u00e7\u00e3o:<\/strong> A empresa tem refor\u00e7ado seu compromisso com pr\u00e1ticas sustent\u00e1veis e a inova\u00e7\u00e3o em embalagens, como o crescimento da participa\u00e7\u00e3o das garrafas de vidro retorn\u00e1veis, que aliam economia e menor impacto ambiental.<\/li>\n<\/ul>\n\n\n\n<h3 class=\"wp-block-heading\">\u200b\u00daltimas Not\u00edcias e Cen\u00e1rio do Mercado<\/h3>\n\n\n\n<p class=\"wp-block-paragraph\">\u200bEm linha com o otimismo de Lisboa, a Ambev tem apresentado n\u00fameros que refletem uma s\u00f3lida execu\u00e7\u00e3o estrat\u00e9gica no mercado brasileiro.<\/p>\n\n\n\n<ul class=\"wp-block-list\">\n<li>\u200b<strong>Resultados Financeiros:<\/strong> Nos \u00faltimos balan\u00e7os, a empresa tem destacado o crescimento da receita l\u00edquida, impulsionado pelo aumento dos pre\u00e7os e do volume de vendas, especialmente em segmentos de maior valor agregado.<\/li>\n\n\n\n<li>\u200b<strong>Novas Marcas e Mercados:<\/strong> A Ambev continua a ser um <em>player<\/em> agressivo em inova\u00e7\u00e3o, lan\u00e7ando novas marcas ou expandindo a distribui\u00e7\u00e3o de r\u00f3tulos internacionais. A competi\u00e7\u00e3o no mercado de cervejas segue acirrada, com a empresa investindo em tecnologia e log\u00edstica para manter sua lideran\u00e7a.<\/li>\n\n\n\n<li>\u200b<strong>Proje\u00e7\u00f5es de Mercado:<\/strong> O mercado de bebidas no Brasil \u00e9 sens\u00edvel ao clima e \u00e0 renda, mas a expectativa \u00e9 que a manuten\u00e7\u00e3o de grandes eventos esportivos e uma melhora gradual do cen\u00e1rio econ\u00f4mico continuem a favorecer o consumo. A proje\u00e7\u00e3o de &#8220;13 meses&#8221; em 2026 sinaliza que a Ambev est\u00e1 se preparando com anteced\u00eancia para maximizar o retorno desses per\u00edodos festivos.<\/li>\n<\/ul>\n\n\n\n<p class=\"wp-block-paragraph\">\u200bA vis\u00e3o de Carlos Lisboa sublinha o dinamismo do mercado de bebidas e a import\u00e2ncia de transformar desafios, como as baixas temperaturas em um ano, em oportunidades, atrav\u00e9s de uma vis\u00e3o de longo prazo ancorada em eventos futuros e na inova\u00e7\u00e3o cont\u00ednua.<\/p>\n","protected":false},"excerpt":{"rendered":"<p>Carlos Lisboa, CEO da Ambev no Brasil, abordou os desafios e as ambi\u00e7\u00f5es da companhia durante uma entrevista recente, destacando como eventos-chave e a cria\u00e7\u00e3o [&#8230;]<\/p>\n","protected":false},"author":1,"featured_media":474,"comment_status":"open","ping_status":"open","sticky":false,"template":"","format":"standard","meta":{"_crdt_document":"","_jetpack_memberships_contains_paid_content":false,"footnotes":"","jetpack_publicize_message":"","jetpack_publicize_feature_enabled":true,"jetpack_social_post_already_shared":false,"jetpack_social_options":{"image_generator_settings":{"template":"highway","default_image_id":0,"font":"","enabled":false},"version":2}},"categories":[3],"tags":[],"class_list":["post-473","post","type-post","status-publish","format-standard","has-post-thumbnail","hentry","category-brasil"],"jetpack_publicize_connections":[],"jetpack_featured_media_url":"https:\/\/i0.wp.com\/oexpressobr.com.br\/wp-content\/uploads\/2025\/12\/IMG-20251209-WA0098.jpg?fit=750%2C500&ssl=1","jetpack_likes_enabled":true,"jetpack_sharing_enabled":true,"_links":{"self":[{"href":"https:\/\/oexpressobr.com.br\/index.php?rest_route=\/wp\/v2\/posts\/473","targetHints":{"allow":["GET"]}}],"collection":[{"href":"https:\/\/oexpressobr.com.br\/index.php?rest_route=\/wp\/v2\/posts"}],"about":[{"href":"https:\/\/oexpressobr.com.br\/index.php?rest_route=\/wp\/v2\/types\/post"}],"author":[{"embeddable":true,"href":"https:\/\/oexpressobr.com.br\/index.php?rest_route=\/wp\/v2\/users\/1"}],"replies":[{"embeddable":true,"href":"https:\/\/oexpressobr.com.br\/index.php?rest_route=%2Fwp%2Fv2%2Fcomments&post=473"}],"version-history":[{"count":0,"href":"https:\/\/oexpressobr.com.br\/index.php?rest_route=\/wp\/v2\/posts\/473\/revisions"}],"wp:featuredmedia":[{"embeddable":true,"href":"https:\/\/oexpressobr.com.br\/index.php?rest_route=\/wp\/v2\/media\/474"}],"wp:attachment":[{"href":"https:\/\/oexpressobr.com.br\/index.php?rest_route=%2Fwp%2Fv2%2Fmedia&parent=473"}],"wp:term":[{"taxonomy":"category","embeddable":true,"href":"https:\/\/oexpressobr.com.br\/index.php?rest_route=%2Fwp%2Fv2%2Fcategories&post=473"},{"taxonomy":"post_tag","embeddable":true,"href":"https:\/\/oexpressobr.com.br\/index.php?rest_route=%2Fwp%2Fv2%2Ftags&post=473"}],"curies":[{"name":"wp","href":"https:\/\/api.w.org\/{rel}","templated":true}]}}