{"id":4731,"date":"2026-02-26T08:35:07","date_gmt":"2026-02-26T11:35:07","guid":{"rendered":"https:\/\/oexpressobr.com.br\/?p=4731"},"modified":"2026-02-26T08:35:11","modified_gmt":"2026-02-26T11:35:11","slug":"lula-lidera-todos-os-cenarios-de-primeiro-turno-e-consolida-forca-no-sul-aponta-atlasintel","status":"publish","type":"post","link":"https:\/\/oexpressobr.com.br\/?p=4731","title":{"rendered":"LULA LIDERA TODOS os cen\u00e1rios de primeiro turno e consolida for\u00e7a no Sul, aponta AtlasIntel"},"content":{"rendered":"\n<p class=\"wp-block-paragraph\"><strong>BRAS\u00cdLIA<\/strong> \u2013 O cen\u00e1rio pol\u00edtico para a sucess\u00e3o presidencial de 2026 ganha contornos de estabilidade na lideran\u00e7a, mas de acirramento na polariza\u00e7\u00e3o. De acordo com o mais recente levantamento da <strong>AtlasIntel<\/strong>, divulgado nesta quarta-feira (25 de fevereiro de 2026), o presidente <strong>Luiz In\u00e1cio Lula da Silva<\/strong> mant\u00e9m a dianteira em todas as simula\u00e7\u00f5es de primeiro turno. O dado mais surpreendente, que ecoa a tend\u00eancia observada em levantamentos regionais, \u00e9 a lideran\u00e7a do petista na regi\u00e3o <strong>Sul<\/strong>, historicamente um reduto de oposi\u00e7\u00e3o ferrenha ao PT.<\/p>\n\n\n\n<h3 class=\"wp-block-heading\">\u200bDesempenho no Sul e Primeiro Turno<\/h3>\n\n\n\n<p class=\"wp-block-paragraph\">\u200bDiferente de pleitos anteriores, onde o Sul do Brasil costumava dar ampla vantagem a candidatos de direita, a nova rodada da AtlasIntel aponta que Lula conseguiu romper a barreira regional, liderando as inten\u00e7\u00f5es de voto no Paran\u00e1, Santa Catarina e Rio Grande do Sul.<\/p>\n\n\n\n<p class=\"wp-block-paragraph\">\u200bNo cen\u00e1rio nacional de primeiro turno, Lula oscila entre <strong>45% e 47,1%<\/strong>, dependendo dos advers\u00e1rios testados. O senador <strong>Fl\u00e1vio Bolsonaro<\/strong> (PL) aparece como o principal nome da oposi\u00e7\u00e3o, consolidando-se em segundo lugar com \u00edndices que variam de <strong>33,1% a 39,5%<\/strong>. Outros nomes da direita, como o governador de S\u00e3o Paulo, <strong>Tarc\u00edsio de Freitas<\/strong>, e o governador de Goi\u00e1s, <strong>Ronaldo Caiado<\/strong>, aparecem em patamares inferiores, com Tarc\u00edsio atingindo <strong>36,2%<\/strong> em simula\u00e7\u00f5es espec\u00edficas.<\/p>\n\n\n\n<h3 class=\"wp-block-heading\">\u200bO Acirramento no Segundo Turno<\/h3>\n\n\n\n<p class=\"wp-block-paragraph\">\u200bSe no primeiro turno a lideran\u00e7a de Lula parece confort\u00e1vel, os dados para o segundo turno mostram um Brasil dividido milimetricamente. A pesquisa aponta um <strong>empate t\u00e9cnico absoluto<\/strong> entre Lula e Fl\u00e1vio Bolsonaro.<\/p>\n\n\n\n<ul class=\"wp-block-list\">\n<li>\u200b<strong>Fl\u00e1vio Bolsonaro:<\/strong> 46,3%<\/li>\n\n\n\n<li>\u200b<strong>Lula:<\/strong> 46,2%<\/li>\n<\/ul>\n\n\n\n<p class=\"wp-block-paragraph\">\u200bEste resultado reflete um crescimento consistente do senador nos \u00faltimos tr\u00eas meses, reduzindo uma dist\u00e2ncia que era de 12 pontos em dezembro de 2025. Contra Tarc\u00edsio de Freitas, a situa\u00e7\u00e3o \u00e9 ainda mais apertada, com o governador paulista chegando a <strong>47,1%<\/strong> contra <strong>45,9%<\/strong> do atual presidente, configurando um cen\u00e1rio de incerteza real para o campo governista.<\/p>\n\n\n\n<h3 class=\"wp-block-heading\">\u200bNovidades e Fatores Determinantes<\/h3>\n\n\n\n<p class=\"wp-block-paragraph\">\u200bA pesquisa AtlasIntel, registrada no TSE sob o n\u00famero <strong>BR-07600\/2026<\/strong>, ouviu 4.986 pessoas entre os dias 19 e 24 de fevereiro. Entre as principais novidades que influenciam o humor do eleitorado est\u00e3o:<\/p>\n\n\n\n<ol class=\"wp-block-list\">\n<li>\u200b<strong>Economia e Tributa\u00e7\u00e3o:<\/strong> O apoio de 63% da popula\u00e7\u00e3o \u00e0 tributa\u00e7\u00e3o de &#8220;super-ricos&#8221; tem ajudado a manter a base de Lula s\u00f3lida.<\/li>\n\n\n\n<li>\u200b<strong>Seguran\u00e7a P\u00fablica:<\/strong> Este continua sendo o &#8220;calcanhar de Aquiles&#8221; do governo, sendo o principal fator de desaprova\u00e7\u00e3o (51,5% desaprovam o desempenho pessoal do presidente).<\/li>\n\n\n\n<li>\u200b<strong>Fragmenta\u00e7\u00e3o da Direita:<\/strong> A disputa interna entre os herdeiros do bolsonarismo (Fl\u00e1vio, Tarc\u00edsio, Michelle e Caiado) ainda impede a consolida\u00e7\u00e3o de um nome \u00fanico que possa vencer Lula j\u00e1 no primeiro embate.<\/li>\n<\/ol>\n\n\n\n<p class=\"wp-block-paragraph\">\u200bCom a margem de erro de apenas um ponto percentual, o levantamento indica que, embora Lula tenha o maior &#8220;piso&#8221; de votos, a direita mostra uma capacidade de recupera\u00e7\u00e3o veloz, prometendo uma das elei\u00e7\u00f5es mais disputadas da hist\u00f3ria recente do pa\u00eds.<\/p>\n","protected":false},"excerpt":{"rendered":"<p>BRAS\u00cdLIA \u2013 O cen\u00e1rio pol\u00edtico para a sucess\u00e3o presidencial de 2026 ganha contornos de estabilidade na lideran\u00e7a, mas de acirramento na polariza\u00e7\u00e3o. De acordo com [&#8230;]<\/p>\n","protected":false},"author":1,"featured_media":4732,"comment_status":"open","ping_status":"open","sticky":false,"template":"","format":"standard","meta":{"_crdt_document":"","_jetpack_memberships_contains_paid_content":false,"footnotes":"","jetpack_publicize_message":"","jetpack_publicize_feature_enabled":true,"jetpack_social_post_already_shared":true,"jetpack_social_options":{"image_generator_settings":{"template":"highway","default_image_id":0,"font":"","enabled":false},"version":2}},"categories":[7],"tags":[],"class_list":["post-4731","post","type-post","status-publish","format-standard","has-post-thumbnail","hentry","category-politica"],"jetpack_publicize_connections":[],"jetpack_featured_media_url":"https:\/\/i0.wp.com\/oexpressobr.com.br\/wp-content\/uploads\/2026\/02\/lula-pesquisa.jpg?fit=1200%2C675&ssl=1","jetpack_likes_enabled":true,"jetpack_sharing_enabled":true,"_links":{"self":[{"href":"https:\/\/oexpressobr.com.br\/index.php?rest_route=\/wp\/v2\/posts\/4731","targetHints":{"allow":["GET"]}}],"collection":[{"href":"https:\/\/oexpressobr.com.br\/index.php?rest_route=\/wp\/v2\/posts"}],"about":[{"href":"https:\/\/oexpressobr.com.br\/index.php?rest_route=\/wp\/v2\/types\/post"}],"author":[{"embeddable":true,"href":"https:\/\/oexpressobr.com.br\/index.php?rest_route=\/wp\/v2\/users\/1"}],"replies":[{"embeddable":true,"href":"https:\/\/oexpressobr.com.br\/index.php?rest_route=%2Fwp%2Fv2%2Fcomments&post=4731"}],"version-history":[{"count":1,"href":"https:\/\/oexpressobr.com.br\/index.php?rest_route=\/wp\/v2\/posts\/4731\/revisions"}],"predecessor-version":[{"id":4733,"href":"https:\/\/oexpressobr.com.br\/index.php?rest_route=\/wp\/v2\/posts\/4731\/revisions\/4733"}],"wp:featuredmedia":[{"embeddable":true,"href":"https:\/\/oexpressobr.com.br\/index.php?rest_route=\/wp\/v2\/media\/4732"}],"wp:attachment":[{"href":"https:\/\/oexpressobr.com.br\/index.php?rest_route=%2Fwp%2Fv2%2Fmedia&parent=4731"}],"wp:term":[{"taxonomy":"category","embeddable":true,"href":"https:\/\/oexpressobr.com.br\/index.php?rest_route=%2Fwp%2Fv2%2Fcategories&post=4731"},{"taxonomy":"post_tag","embeddable":true,"href":"https:\/\/oexpressobr.com.br\/index.php?rest_route=%2Fwp%2Fv2%2Ftags&post=4731"}],"curies":[{"name":"wp","href":"https:\/\/api.w.org\/{rel}","templated":true}]}}