{"id":4734,"date":"2026-02-26T08:47:08","date_gmt":"2026-02-26T11:47:08","guid":{"rendered":"https:\/\/oexpressobr.com.br\/?p=4734"},"modified":"2026-02-26T08:47:13","modified_gmt":"2026-02-26T11:47:13","slug":"ministerio-da-saude-e-oms-monitoram-avanco-da-mpox-e-nova-variante-global-em-2026","status":"publish","type":"post","link":"https:\/\/oexpressobr.com.br\/?p=4734","title":{"rendered":"Minist\u00e9rio da Sa\u00fade e OMS monitoram avan\u00e7o da mpox e nova variante global em 2026"},"content":{"rendered":"\n<p class=\"wp-block-paragraph\">\u200bO Brasil registrou um aumento expressivo nos casos de mpox nas \u00faltimas semanas de fevereiro de 2026. Segundo dados atualizados pelo Minist\u00e9rio da Sa\u00fade nesta quarta-feira (25), o pa\u00eds j\u00e1 soma 90 casos confirmados no ano, n\u00famero que praticamente dobrou em rela\u00e7\u00e3o ao balan\u00e7o anterior de 20 de fevereiro, quando havia 48 registros. O estado de S\u00e3o Paulo concentra a maioria das infec\u00e7\u00f5es (63 casos), seguido pelo Rio de Janeiro (15) e Rond\u00f4nia (4).<\/p>\n\n\n\n<p class=\"wp-block-paragraph\">\u200bEmbora o avan\u00e7o dos n\u00fameros acenda um alerta para as autoridades sanit\u00e1rias, o Minist\u00e9rio da Sa\u00fade ressalta que a maioria dos pacientes apresenta quadros leves ou moderados, sem o registro de \u00f3bitos em solo brasileiro neste ano. Em compara\u00e7\u00e3o com 2025, o cen\u00e1rio atual \u00e9 considerado monitorado, visto que o ano anterior encerrou com 1.079 confirma\u00e7\u00f5es e duas mortes.<\/p>\n\n\n\n<p class=\"wp-block-paragraph\">\u200b<strong>Nova variante e vigil\u00e2ncia global<\/strong><\/p>\n\n\n\n<p class=\"wp-block-paragraph\">\u200bNo cen\u00e1rio internacional, a Organiza\u00e7\u00e3o Mundial da Sa\u00fade (OMS) confirmou recentemente a identifica\u00e7\u00e3o de uma nova variante recombinante do v\u00edrus, detectada inicialmente no Reino Unido e na \u00cdndia. Esta nova cepa \u00e9 resultado de uma mistura gen\u00e9tica entre os clados 1b e 2b. Apesar de a OMS manter a classifica\u00e7\u00e3o de risco como &#8220;moderada&#8221; para grupos espec\u00edficos e &#8220;baixa&#8221; para a popula\u00e7\u00e3o geral, a descoberta sugere que o v\u00edrus continua em evolu\u00e7\u00e3o ativa, exigindo vigil\u00e2ncia gen\u00f4mica refor\u00e7ada. At\u00e9 o momento, n\u00e3o h\u00e1 confirma\u00e7\u00e3o da circula\u00e7\u00e3o desta variante espec\u00edfica no Brasil.<\/p>\n\n\n\n<p class=\"wp-block-paragraph\">\u200b<strong>Transmiss\u00e3o e preven\u00e7\u00e3o<\/strong><\/p>\n\n\n\n<p class=\"wp-block-paragraph\">\u200bA mpox \u00e9 causada por um v\u00edrus da mesma fam\u00edlia da var\u00edola. A transmiss\u00e3o ocorre prioritariamente pelo contato direto com les\u00f5es de pele, fluidos corporais ou got\u00edculas respirat\u00f3rias de pessoas infectadas, al\u00e9m do contato com objetos contaminados, como roupas e len\u00e7\u00f3is.<\/p>\n\n\n\n<p class=\"wp-block-paragraph\">\u200bOs sintomas cl\u00e1ssicos incluem:<\/p>\n\n\n\n<ul class=\"wp-block-list\">\n<li>\u200bFebre e dor de cabe\u00e7a;<\/li>\n\n\n\n<li>\u200bIncha\u00e7o dos g\u00e2nglios (\u00ednguas);<\/li>\n\n\n\n<li>\u200bErup\u00e7\u00f5es ou les\u00f5es na pele (que podem surgir em qualquer parte do corpo, incluindo genitais).<\/li>\n<\/ul>\n\n\n\n<p class=\"wp-block-paragraph\">\u200bEspecialistas e o Minist\u00e9rio da Sa\u00fade refor\u00e7am que o isolamento imediato de casos suspeitos e a higiene frequente das m\u00e3os s\u00e3o as principais barreiras contra a propaga\u00e7\u00e3o. No Brasil, a vacina\u00e7\u00e3o segue dispon\u00edvel para grupos de maior risco, como pessoas vivendo com HIV\/Aids com baixa imunidade e profissionais de laborat\u00f3rio que manipulam o v\u00edrus.<\/p>\n","protected":false},"excerpt":{"rendered":"<p>\u200bO Brasil registrou um aumento expressivo nos casos de mpox nas \u00faltimas semanas de fevereiro de 2026. Segundo dados atualizados pelo Minist\u00e9rio da Sa\u00fade nesta [&#8230;]<\/p>\n","protected":false},"author":1,"featured_media":4735,"comment_status":"open","ping_status":"open","sticky":false,"template":"","format":"standard","meta":{"_crdt_document":"","_jetpack_memberships_contains_paid_content":false,"footnotes":"","jetpack_publicize_message":"","jetpack_publicize_feature_enabled":true,"jetpack_social_post_already_shared":true,"jetpack_social_options":{"image_generator_settings":{"template":"highway","default_image_id":0,"font":"","enabled":false},"version":2}},"categories":[18],"tags":[],"class_list":["post-4734","post","type-post","status-publish","format-standard","has-post-thumbnail","hentry","category-saude"],"jetpack_publicize_connections":[],"jetpack_featured_media_url":"https:\/\/i0.wp.com\/oexpressobr.com.br\/wp-content\/uploads\/2026\/02\/midia-de-distribuicao-g1-42-.jpg?fit=984%2C738&ssl=1","jetpack_likes_enabled":true,"jetpack_sharing_enabled":true,"_links":{"self":[{"href":"https:\/\/oexpressobr.com.br\/index.php?rest_route=\/wp\/v2\/posts\/4734","targetHints":{"allow":["GET"]}}],"collection":[{"href":"https:\/\/oexpressobr.com.br\/index.php?rest_route=\/wp\/v2\/posts"}],"about":[{"href":"https:\/\/oexpressobr.com.br\/index.php?rest_route=\/wp\/v2\/types\/post"}],"author":[{"embeddable":true,"href":"https:\/\/oexpressobr.com.br\/index.php?rest_route=\/wp\/v2\/users\/1"}],"replies":[{"embeddable":true,"href":"https:\/\/oexpressobr.com.br\/index.php?rest_route=%2Fwp%2Fv2%2Fcomments&post=4734"}],"version-history":[{"count":1,"href":"https:\/\/oexpressobr.com.br\/index.php?rest_route=\/wp\/v2\/posts\/4734\/revisions"}],"predecessor-version":[{"id":4736,"href":"https:\/\/oexpressobr.com.br\/index.php?rest_route=\/wp\/v2\/posts\/4734\/revisions\/4736"}],"wp:featuredmedia":[{"embeddable":true,"href":"https:\/\/oexpressobr.com.br\/index.php?rest_route=\/wp\/v2\/media\/4735"}],"wp:attachment":[{"href":"https:\/\/oexpressobr.com.br\/index.php?rest_route=%2Fwp%2Fv2%2Fmedia&parent=4734"}],"wp:term":[{"taxonomy":"category","embeddable":true,"href":"https:\/\/oexpressobr.com.br\/index.php?rest_route=%2Fwp%2Fv2%2Fcategories&post=4734"},{"taxonomy":"post_tag","embeddable":true,"href":"https:\/\/oexpressobr.com.br\/index.php?rest_route=%2Fwp%2Fv2%2Ftags&post=4734"}],"curies":[{"name":"wp","href":"https:\/\/api.w.org\/{rel}","templated":true}]}}