{"id":4737,"date":"2026-02-26T08:56:23","date_gmt":"2026-02-26T11:56:23","guid":{"rendered":"https:\/\/oexpressobr.com.br\/?p=4737"},"modified":"2026-02-26T08:56:26","modified_gmt":"2026-02-26T11:56:26","slug":"senado-aprova-projeto-que-barra-relativizacao-do-estupro-de-vulneravel-e-texto-segue-para-sancao-de-lula","status":"publish","type":"post","link":"https:\/\/oexpressobr.com.br\/?p=4737","title":{"rendered":"SENADO aprova projeto que barra relativiza\u00e7\u00e3o do estupro de vulner\u00e1vel e texto segue para san\u00e7\u00e3o de Lula"},"content":{"rendered":"\n<p class=\"wp-block-paragraph\">O Plen\u00e1rio do Senado Federal aprovou nesta quarta-feira, <strong>25 de fevereiro de 2026<\/strong>, o Projeto de Lei (PL) 2.195\/2024, que estabelece a <strong>presun\u00e7\u00e3o absoluta de vulnerabilidade<\/strong> em crimes de estupro contra menores de 14 anos. A proposta, aprovada em vota\u00e7\u00e3o simb\u00f3lica ap\u00f3s passar pela Comiss\u00e3o de Constitui\u00e7\u00e3o e Justi\u00e7a (CCJ), visa encerrar brechas jur\u00eddicas que permitiam a absolvi\u00e7\u00e3o de agressores com base no comportamento ou hist\u00f3rico da v\u00edtima.<\/p>\n\n\n\n<p class=\"wp-block-paragraph\">\u200bAgora, o texto segue para o gabinete do presidente Luiz In\u00e1cio Lula da Silva, que tem o prazo constitucional para sancionar ou vetar a medida.<\/p>\n\n\n\n<h3 class=\"wp-block-heading\">\u200bBlindagem jur\u00eddica contra interpreta\u00e7\u00f5es subjetivas<\/h3>\n\n\n\n<p class=\"wp-block-paragraph\">\u200bA principal mudan\u00e7a trazida pelo projeto \u00e9 a altera\u00e7\u00e3o direta no <strong>C\u00f3digo Penal (Decreto-Lei 2.848\/1940)<\/strong>. O novo texto explicita que as penas para o crime de estupro de vulner\u00e1vel devem ser aplicadas independentemente de fatores que, historicamente, eram usados pela defesa para atenuar ou anular o crime, tais como:<\/p>\n\n\n\n<ul class=\"wp-block-list\">\n<li>\u200b<strong>Experi\u00eancia sexual pr\u00e9via:<\/strong> O fato de a v\u00edtima j\u00e1 ter mantido rela\u00e7\u00f5es sexuais anteriormente n\u00e3o descaracteriza o crime.<\/li>\n\n\n\n<li>\u200b<strong>Consentimento:<\/strong> Juridicamente, n\u00e3o existe consentimento v\u00e1lido para menores de 14 anos.<\/li>\n\n\n\n<li>\u200b<strong>Gravidez resultante:<\/strong> A ocorr\u00eancia ou n\u00e3o de gesta\u00e7\u00e3o n\u00e3o interfere na tipifica\u00e7\u00e3o ou na gravidade da pena.<\/li>\n\n\n\n<li>\u200b<strong>V\u00ednculo afetivo ou familiar:<\/strong> Relacionamentos consentidos por respons\u00e1veis ou uni\u00e3o est\u00e1vel informal n\u00e3o ser\u00e3o mais aceitos como argumentos de defesa.<\/li>\n\n\n\n<li>\u200bA maior taxa de vitimiza\u00e7\u00e3o ocorre entre crian\u00e7as de <strong>10 a 13 anos<\/strong> (233,9 casos por 100 mil habitantes).<\/li>\n\n\n\n<li>\u200bBeb\u00eas e crian\u00e7as de at\u00e9 <strong>4 anos<\/strong> registram 68,7 casos por 100 mil habitantes.<\/li>\n<\/ul>\n\n\n\n<p class=\"wp-block-paragraph\">A aprova\u00e7\u00e3o foi celebrada por bancadas de diferentes espectros pol\u00edticos e pelo Minist\u00e9rio dos Direitos Humanos e da Cidadania (MDHC), que classificou a medida como um passo essencial para a seguran\u00e7a jur\u00eddica e prote\u00e7\u00e3o da inf\u00e2ncia no Brasil.<\/p>\n","protected":false},"excerpt":{"rendered":"<p>O Plen\u00e1rio do Senado Federal aprovou nesta quarta-feira, 25 de fevereiro de 2026, o Projeto de Lei (PL) 2.195\/2024, que estabelece a presun\u00e7\u00e3o absoluta de [&#8230;]<\/p>\n","protected":false},"author":1,"featured_media":4738,"comment_status":"open","ping_status":"open","sticky":false,"template":"","format":"standard","meta":{"_crdt_document":"","_jetpack_memberships_contains_paid_content":false,"footnotes":"","jetpack_publicize_message":"","jetpack_publicize_feature_enabled":true,"jetpack_social_post_already_shared":true,"jetpack_social_options":{"image_generator_settings":{"template":"highway","default_image_id":0,"font":"","enabled":false},"version":2}},"categories":[3],"tags":[],"class_list":["post-4737","post","type-post","status-publish","format-standard","has-post-thumbnail","hentry","category-brasil"],"jetpack_publicize_connections":[],"jetpack_featured_media_url":"https:\/\/i0.wp.com\/oexpressobr.com.br\/wp-content\/uploads\/2026\/02\/1772061722699f841ae7c42_1772061722_3x2_xl.jpg?fit=1200%2C800&ssl=1","jetpack_likes_enabled":true,"jetpack_sharing_enabled":true,"_links":{"self":[{"href":"https:\/\/oexpressobr.com.br\/index.php?rest_route=\/wp\/v2\/posts\/4737","targetHints":{"allow":["GET"]}}],"collection":[{"href":"https:\/\/oexpressobr.com.br\/index.php?rest_route=\/wp\/v2\/posts"}],"about":[{"href":"https:\/\/oexpressobr.com.br\/index.php?rest_route=\/wp\/v2\/types\/post"}],"author":[{"embeddable":true,"href":"https:\/\/oexpressobr.com.br\/index.php?rest_route=\/wp\/v2\/users\/1"}],"replies":[{"embeddable":true,"href":"https:\/\/oexpressobr.com.br\/index.php?rest_route=%2Fwp%2Fv2%2Fcomments&post=4737"}],"version-history":[{"count":1,"href":"https:\/\/oexpressobr.com.br\/index.php?rest_route=\/wp\/v2\/posts\/4737\/revisions"}],"predecessor-version":[{"id":4739,"href":"https:\/\/oexpressobr.com.br\/index.php?rest_route=\/wp\/v2\/posts\/4737\/revisions\/4739"}],"wp:featuredmedia":[{"embeddable":true,"href":"https:\/\/oexpressobr.com.br\/index.php?rest_route=\/wp\/v2\/media\/4738"}],"wp:attachment":[{"href":"https:\/\/oexpressobr.com.br\/index.php?rest_route=%2Fwp%2Fv2%2Fmedia&parent=4737"}],"wp:term":[{"taxonomy":"category","embeddable":true,"href":"https:\/\/oexpressobr.com.br\/index.php?rest_route=%2Fwp%2Fv2%2Fcategories&post=4737"},{"taxonomy":"post_tag","embeddable":true,"href":"https:\/\/oexpressobr.com.br\/index.php?rest_route=%2Fwp%2Fv2%2Ftags&post=4737"}],"curies":[{"name":"wp","href":"https:\/\/api.w.org\/{rel}","templated":true}]}}