{"id":4740,"date":"2026-02-26T09:04:30","date_gmt":"2026-02-26T12:04:30","guid":{"rendered":"https:\/\/oexpressobr.com.br\/?p=4740"},"modified":"2026-02-26T09:04:34","modified_gmt":"2026-02-26T12:04:34","slug":"condenado-domingos-brazao-recebeu-r-726-mil-do-tce-rj-mesmo-apos-prisao-pelo-caso-marielle","status":"publish","type":"post","link":"https:\/\/oexpressobr.com.br\/?p=4740","title":{"rendered":"Condenado, Domingos Braz\u00e3o recebeu R$ 726 mil do TCE-RJ mesmo ap\u00f3s pris\u00e3o pelo caso Marielle"},"content":{"rendered":"\n<p class=\"wp-block-paragraph\">A trajet\u00f3ria financeira de <strong>Domingos Braz\u00e3o<\/strong> no servi\u00e7o p\u00fablico fluminense revela cifras impressionantes, mesmo em meio ao c\u00e1rcere. Desde que foi preso preventivamente em mar\u00e7o de 2024, sob a acusa\u00e7\u00e3o \u2014 agora convertida em condena\u00e7\u00e3o \u2014 de ser um dos mandantes do assassinato da vereadora <strong>Marielle Franco<\/strong> e do motorista <strong>Anderson Gomes<\/strong>, o conselheiro afastado do <strong>Tribunal de Contas do Estado do Rio de Janeiro (TCE-RJ)<\/strong> amealhou mais de <strong>R$ 726,2 mil<\/strong> em vencimentos.<\/p>\n\n\n\n<h3 class=\"wp-block-heading\">\u200bO peso do contracheque na pris\u00e3o<\/h3>\n\n\n\n<p class=\"wp-block-paragraph\">\u200bMesmo detido na Penitenci\u00e1ria Federal de Porto Velho (RO), Braz\u00e3o continuou a figurar na folha de pagamento do tribunal. Os dados mais recentes apontam:<\/p>\n\n\n\n<ul class=\"wp-block-list\">\n<li>\u200b<strong>Vencimentos totais:<\/strong> Desde o crime, em mar\u00e7o de 2018, Braz\u00e3o recebeu um montante que ultrapassa <strong>R$ 3,1 milh\u00f5es<\/strong>.<\/li>\n\n\n\n<li>\u200b<strong>Sal\u00e1rio atual:<\/strong> Em fevereiro de 2026, seu \u00faltimo rendimento antes da senten\u00e7a definitiva somou <strong>R$ 35.567,60<\/strong> (valor l\u00edquido somado a aux\u00edlios).<\/li>\n\n\n\n<li>\u200b<strong>F\u00e9rias e benef\u00edcios:<\/strong> Em 2024, logo ap\u00f3s a pris\u00e3o, o tribunal chegou a depositar cerca de <strong>R$ 741 mil<\/strong> referentes a f\u00e9rias acumuladas, decis\u00e3o que foi alvo de intensas disputas judiciais.<\/li>\n<\/ul>\n\n\n\n<h3 class=\"wp-block-heading\">\u200bCondena\u00e7\u00e3o hist\u00f3rica no STF<\/h3>\n\n\n\n<p class=\"wp-block-paragraph\">\u200bNesta quarta-feira (25 de fevereiro de 2026), a <strong>Primeira Turma do Supremo Tribunal Federal (STF)<\/strong> encerrou um dos cap\u00edtulos mais dram\u00e1ticos da justi\u00e7a brasileira. Por unanimidade, os ministros condenaram os irm\u00e3os <strong>Domingos e Chiquinho Braz\u00e3o<\/strong> a <strong>76 anos e tr\u00eas meses de pris\u00e3o<\/strong>.<\/p>\n\n\n\n<blockquote class=\"wp-block-quote is-layout-flow wp-block-quote-is-layout-flow\">\n<p class=\"wp-block-paragraph\">\u200b&#8221;N\u00e3o existe crime perfeito, existe crime mal investigado. Havia m\u00e3os poderosas nesse crime&#8221;, afirmou o ministro <strong>Alexandre de Moraes<\/strong> durante a leitura do voto, destacando que a investiga\u00e7\u00e3o foi dolosamente negligenciada no in\u00edcio para proteger os mandantes.<\/p>\n<\/blockquote>\n\n\n\n<h3 class=\"wp-block-heading\">\u200bDesfecho administrativo e penal<\/h3>\n\n\n\n<p class=\"wp-block-paragraph\">\u200bCom a condena\u00e7\u00e3o, o cen\u00e1rio para o ex-conselheiro mudou drasticamente:<\/p>\n\n\n\n<ol class=\"wp-block-list\">\n<li>\u200b<strong>Perda do cargo:<\/strong> O STF determinou a perda imediata do cargo p\u00fablico de conselheiro do TCE-RJ.<\/li>\n\n\n\n<li>\u200b<strong>Direitos pol\u00edticos:<\/strong> Suspens\u00e3o dos direitos pol\u00edticos e inelegibilidade por oito anos ap\u00f3s o cumprimento da pena.<\/li>\n\n\n\n<li>\u200b<strong>Indeniza\u00e7\u00e3o:<\/strong> Os r\u00e9us dever\u00e3o pagar <strong>R$ 7 milh\u00f5es<\/strong> em danos morais \u00e0s fam\u00edlias das v\u00edtimas.<\/li>\n<\/ol>\n\n\n\n<p class=\"wp-block-paragraph\">\u200bA defesa de Domingos Braz\u00e3o sempre negou o envolvimento com as mil\u00edcias e o planejamento do atentado, sustentando que a condena\u00e7\u00e3o se baseou em dela\u00e7\u00f5es sem provas de corrobora\u00e7\u00e3o direta. Contudo, para o STF, o conjunto probat\u00f3rio foi &#8220;harm\u00f4nico e convergente&#8221;.<\/p>\n","protected":false},"excerpt":{"rendered":"<p>A trajet\u00f3ria financeira de Domingos Braz\u00e3o no servi\u00e7o p\u00fablico fluminense revela cifras impressionantes, mesmo em meio ao c\u00e1rcere. Desde que foi preso preventivamente em mar\u00e7o [&#8230;]<\/p>\n","protected":false},"author":1,"featured_media":4741,"comment_status":"open","ping_status":"open","sticky":false,"template":"","format":"standard","meta":{"_crdt_document":"","_jetpack_memberships_contains_paid_content":false,"footnotes":"","jetpack_publicize_message":"","jetpack_publicize_feature_enabled":true,"jetpack_social_post_already_shared":true,"jetpack_social_options":{"image_generator_settings":{"template":"highway","default_image_id":0,"font":"","enabled":false},"version":2}},"categories":[3],"tags":[],"class_list":["post-4740","post","type-post","status-publish","format-standard","has-post-thumbnail","hentry","category-brasil"],"jetpack_publicize_connections":[],"jetpack_featured_media_url":"https:\/\/i0.wp.com\/oexpressobr.com.br\/wp-content\/uploads\/2026\/02\/IMG-20260226-WA0150.jpg?fit=1600%2C1038&ssl=1","jetpack_likes_enabled":true,"jetpack_sharing_enabled":true,"_links":{"self":[{"href":"https:\/\/oexpressobr.com.br\/index.php?rest_route=\/wp\/v2\/posts\/4740","targetHints":{"allow":["GET"]}}],"collection":[{"href":"https:\/\/oexpressobr.com.br\/index.php?rest_route=\/wp\/v2\/posts"}],"about":[{"href":"https:\/\/oexpressobr.com.br\/index.php?rest_route=\/wp\/v2\/types\/post"}],"author":[{"embeddable":true,"href":"https:\/\/oexpressobr.com.br\/index.php?rest_route=\/wp\/v2\/users\/1"}],"replies":[{"embeddable":true,"href":"https:\/\/oexpressobr.com.br\/index.php?rest_route=%2Fwp%2Fv2%2Fcomments&post=4740"}],"version-history":[{"count":1,"href":"https:\/\/oexpressobr.com.br\/index.php?rest_route=\/wp\/v2\/posts\/4740\/revisions"}],"predecessor-version":[{"id":4742,"href":"https:\/\/oexpressobr.com.br\/index.php?rest_route=\/wp\/v2\/posts\/4740\/revisions\/4742"}],"wp:featuredmedia":[{"embeddable":true,"href":"https:\/\/oexpressobr.com.br\/index.php?rest_route=\/wp\/v2\/media\/4741"}],"wp:attachment":[{"href":"https:\/\/oexpressobr.com.br\/index.php?rest_route=%2Fwp%2Fv2%2Fmedia&parent=4740"}],"wp:term":[{"taxonomy":"category","embeddable":true,"href":"https:\/\/oexpressobr.com.br\/index.php?rest_route=%2Fwp%2Fv2%2Fcategories&post=4740"},{"taxonomy":"post_tag","embeddable":true,"href":"https:\/\/oexpressobr.com.br\/index.php?rest_route=%2Fwp%2Fv2%2Ftags&post=4740"}],"curies":[{"name":"wp","href":"https:\/\/api.w.org\/{rel}","templated":true}]}}