{"id":4743,"date":"2026-02-26T09:10:39","date_gmt":"2026-02-26T12:10:39","guid":{"rendered":"https:\/\/oexpressobr.com.br\/?p=4743"},"modified":"2026-02-26T09:10:45","modified_gmt":"2026-02-26T12:10:45","slug":"flavio-bolsonaro-chora-ao-citar-pai-preso-acena-a-nikolas-e-protocola-pec-contra-reeleicao","status":"publish","type":"post","link":"https:\/\/oexpressobr.com.br\/?p=4743","title":{"rendered":"FL\u00c1VIO Bolsonaro chora ao citar pai preso, acena a Nikolas e protocola PEC contra reelei\u00e7\u00e3o"},"content":{"rendered":"\n<p class=\"wp-block-paragraph\">Em uma reuni\u00e3o marcada por forte carga emocional e articula\u00e7\u00f5es estrat\u00e9gicas para o pleito de 2026, o senador <strong>Fl\u00e1vio Bolsonaro (PL-RJ)<\/strong>, pr\u00e9-candidato \u00e0 Presid\u00eancia da Rep\u00fablica, reuniu congressistas do Partido Liberal nesta quarta-feira (25) em Bras\u00edlia. O encontro serviu tanto para apaziguar tens\u00f5es internas quanto para o lan\u00e7amento de uma agenda legislativa que deve nortear sua campanha: o fim da reelei\u00e7\u00e3o para o cargo de chefe do Executivo Federal.<\/p>\n\n\n\n<h3 class=\"wp-block-heading\">\u200bEmo\u00e7\u00e3o e pacifica\u00e7\u00e3o interna<\/h3>\n\n\n\n<p class=\"wp-block-paragraph\">\u200bDurante o discurso, Fl\u00e1vio n\u00e3o conteve a emo\u00e7\u00e3o ao mencionar o ex-presidente <strong>Jair Bolsonaro<\/strong>, que permanece detido desde o final de 2025. O senador chorou ao falar sobre o isolamento do pai e a miss\u00e3o de &#8220;resgatar o Brasil&#8221;, sendo prontamente amparado por aliados.<\/p>\n\n\n\n<p class=\"wp-block-paragraph\">\u200bO gesto foi interpretado como um movimento para unificar a base, que vinha sofrendo com desgastes p\u00fablicos. Um dos pontos centrais da reuni\u00e3o foi o aceno direto ao deputado <strong>Nikolas Ferreira (PL-MG)<\/strong>. Ap\u00f3s trocas de farpas p\u00fablicas entre Nikolas e os irm\u00e3os de Fl\u00e1vio (Eduardo e Carlos Bolsonaro) nos \u00faltimos dias, o senador buscou selar a paz.<\/p>\n\n\n\n<ul class=\"wp-block-list\">\n<li>\u200b<strong>Apoio em Minas:<\/strong> Fl\u00e1vio elogiou a &#8220;coragem e relev\u00e2ncia&#8221; de Nikolas, que recentemente descartou concorrer ao governo de Minas Gerais para focar em sua reelei\u00e7\u00e3o \u00e0 C\u00e2mara e na mobiliza\u00e7\u00e3o nacional pela direita.<\/li>\n\n\n\n<li>\u200b<strong>Uni\u00e3o de for\u00e7as:<\/strong> O objetivo \u00e9 garantir que o deputado mineiro seja um dos principais cabos eleitorais de Fl\u00e1vio, eliminando ru\u00eddos sobre uma suposta falta de engajamento de Nikolas na pr\u00e9-campanha presidencial.<\/li>\n<\/ul>\n\n\n\n<h3 class=\"wp-block-heading\">\u200bPEC do Mandato \u00danico<\/h3>\n\n\n\n<p class=\"wp-block-paragraph\">\u200bO an\u00fancio de maior impacto pol\u00edtico foi o protocolo da <strong>Proposta de Emenda \u00e0 Constitui\u00e7\u00e3o (PEC)<\/strong> que extingue a reelei\u00e7\u00e3o para o cargo de Presidente da Rep\u00fablica. A proposta j\u00e1 conta com a assinatura de pelo menos 14 senadores, incluindo nomes como Ciro Nogueira (PP-PI) e Tereza Cristina (PP-MS).<\/p>\n\n\n\n<blockquote class=\"wp-block-quote is-layout-flow wp-block-quote-is-layout-flow\">\n<p class=\"wp-block-paragraph\">\u200b&#8221;N\u00e3o \u00e9 um projeto pessoal, \u00e9 um projeto de pa\u00eds. O Brasil n\u00e3o aguenta mais a instrumentaliza\u00e7\u00e3o da m\u00e1quina p\u00fablica para projetos de poder. O presidente eleito em 2026 deve focar em governar, n\u00e3o em se reeleger&#8221;, afirmou Fl\u00e1vio.<\/p>\n<\/blockquote>\n\n\n\n<h3 class=\"wp-block-heading\">Cen\u00e1rio para 2026<\/h3>\n\n\n\n<p class=\"wp-block-paragraph\">\u200bA movimenta\u00e7\u00e3o ocorre em um momento em que pesquisas de inten\u00e7\u00e3o de voto mostram um cen\u00e1rio de polariza\u00e7\u00e3o acirrada. Fl\u00e1vio Bolsonaro tenta se consolidar como o herdeiro natural do esp\u00f3lio pol\u00edtico do pai, ao mesmo tempo em que adota uma postura mais pragm\u00e1tica para atrair o eleitorado de centro, que historicamente resiste ao modelo de reelei\u00e7\u00e3o cont\u00ednua.<\/p>\n","protected":false},"excerpt":{"rendered":"<p>Em uma reuni\u00e3o marcada por forte carga emocional e articula\u00e7\u00f5es estrat\u00e9gicas para o pleito de 2026, o senador Fl\u00e1vio Bolsonaro (PL-RJ), pr\u00e9-candidato \u00e0 Presid\u00eancia da [&#8230;]<\/p>\n","protected":false},"author":1,"featured_media":4744,"comment_status":"open","ping_status":"open","sticky":false,"template":"","format":"standard","meta":{"_crdt_document":"","_jetpack_memberships_contains_paid_content":false,"footnotes":"","jetpack_publicize_message":"","jetpack_publicize_feature_enabled":true,"jetpack_social_post_already_shared":true,"jetpack_social_options":{"image_generator_settings":{"template":"highway","default_image_id":0,"font":"","enabled":false},"version":2}},"categories":[7],"tags":[],"class_list":["post-4743","post","type-post","status-publish","format-standard","has-post-thumbnail","hentry","category-politica"],"jetpack_publicize_connections":[],"jetpack_featured_media_url":"https:\/\/i0.wp.com\/oexpressobr.com.br\/wp-content\/uploads\/2026\/02\/1772061471699f831f5f12e_1772061471_3x2_xl.jpg?fit=1200%2C800&ssl=1","jetpack_likes_enabled":true,"jetpack_sharing_enabled":true,"_links":{"self":[{"href":"https:\/\/oexpressobr.com.br\/index.php?rest_route=\/wp\/v2\/posts\/4743","targetHints":{"allow":["GET"]}}],"collection":[{"href":"https:\/\/oexpressobr.com.br\/index.php?rest_route=\/wp\/v2\/posts"}],"about":[{"href":"https:\/\/oexpressobr.com.br\/index.php?rest_route=\/wp\/v2\/types\/post"}],"author":[{"embeddable":true,"href":"https:\/\/oexpressobr.com.br\/index.php?rest_route=\/wp\/v2\/users\/1"}],"replies":[{"embeddable":true,"href":"https:\/\/oexpressobr.com.br\/index.php?rest_route=%2Fwp%2Fv2%2Fcomments&post=4743"}],"version-history":[{"count":1,"href":"https:\/\/oexpressobr.com.br\/index.php?rest_route=\/wp\/v2\/posts\/4743\/revisions"}],"predecessor-version":[{"id":4745,"href":"https:\/\/oexpressobr.com.br\/index.php?rest_route=\/wp\/v2\/posts\/4743\/revisions\/4745"}],"wp:featuredmedia":[{"embeddable":true,"href":"https:\/\/oexpressobr.com.br\/index.php?rest_route=\/wp\/v2\/media\/4744"}],"wp:attachment":[{"href":"https:\/\/oexpressobr.com.br\/index.php?rest_route=%2Fwp%2Fv2%2Fmedia&parent=4743"}],"wp:term":[{"taxonomy":"category","embeddable":true,"href":"https:\/\/oexpressobr.com.br\/index.php?rest_route=%2Fwp%2Fv2%2Fcategories&post=4743"},{"taxonomy":"post_tag","embeddable":true,"href":"https:\/\/oexpressobr.com.br\/index.php?rest_route=%2Fwp%2Fv2%2Ftags&post=4743"}],"curies":[{"name":"wp","href":"https:\/\/api.w.org\/{rel}","templated":true}]}}