{"id":4751,"date":"2026-02-26T19:41:00","date_gmt":"2026-02-26T22:41:00","guid":{"rendered":"https:\/\/oexpressobr.com.br\/?p=4751"},"modified":"2026-02-26T19:41:07","modified_gmt":"2026-02-26T22:41:07","slug":"flavio-bolsonaro-assume-comando-do-pl-para-2026-e-abre-crise-com-tarcisio-e-ratinho-junior-por-palanques-estaduais","status":"publish","type":"post","link":"https:\/\/oexpressobr.com.br\/?p=4751","title":{"rendered":"FL\u00c1VIO BOLSONARO assume comando do PL para 2026 e abre crise com Tarc\u00edsio e Ratinho J\u00fanior por palanques estaduais"},"content":{"rendered":"\n<p class=\"wp-block-paragraph\">O cen\u00e1rio pol\u00edtico nacional entrou em ebuli\u00e7\u00e3o nesta semana ap\u00f3s o senador Fl\u00e1vio Bolsonaro (PL-RJ) assumir formalmente o papel de &#8220;estrategista-chefe&#8221; do Partido Liberal para as elei\u00e7\u00f5es de 2026. A movimenta\u00e7\u00e3o, apelidada nos bastidores de &#8220;modo central de comando&#8221;, ocorre ap\u00f3s a revela\u00e7\u00e3o de documentos internos contendo anota\u00e7\u00f5es manuscritas do senador que detalham um mapa de riscos e oportunidades em estados estrat\u00e9gicos, como S\u00e3o Paulo, Paran\u00e1 e Minas Gerais.<\/p>\n\n\n\n<p class=\"wp-block-paragraph\">\u200bA estrat\u00e9gia de Fl\u00e1vio visa blindar o PL e garantir palanques exclusivos para sua prov\u00e1vel candidatura \u00e0 Presid\u00eancia, mas o tom de interven\u00e7\u00e3o j\u00e1 gera fa\u00edscas com aliados de primeira hora.<\/p>\n\n\n\n<h3 class=\"wp-block-heading\">\u200bO &#8220;X&#8221; da quest\u00e3o em S\u00e3o Paulo: A vaga de vice<\/h3>\n\n\n\n<p class=\"wp-block-paragraph\">\u200bO ponto de maior atrito envolve o governador de S\u00e3o Paulo, Tarc\u00edsio de Freitas (Republicanos). Nas anota\u00e7\u00f5es de Fl\u00e1vio, surge a sugest\u00e3o direta de substituir o atual vice-governador, Fel\u00edcio Ramuth (PSD), por um nome do &#8220;puro-sangue&#8221; bolsonarista ou mais alinhado ao PL, como Andr\u00e9 do Prado.<\/p>\n\n\n\n<p class=\"wp-block-paragraph\">\u200bTarc\u00edsio reagiu prontamente \u00e0s press\u00f5es, classificando as discuss\u00f5es como &#8220;fofoca de elei\u00e7\u00e3o&#8221; e refor\u00e7ando sua lealdade a Ramuth. &#8220;N\u00e3o existe esse neg\u00f3cio de direito do partido&#8221;, afirmou o governador, tentando frear a tentativa do PL de capturar o comando de sua chapa de reelei\u00e7\u00e3o.<\/p>\n\n\n\n<h3 class=\"wp-block-heading\">\u200bNo Paran\u00e1, a amea\u00e7a de Sergio Moro contra Ratinho J\u00fanior<\/h3>\n\n\n\n<p class=\"wp-block-paragraph\">\u200bNo Sul, o alvo \u00e9 o governador Ratinho J\u00fanior (PSD). O documento interno do PL aponta o Paran\u00e1 como um estado de &#8220;risco&#8221; devido \u00e0 poss\u00edvel candidatura pr\u00f3pria de Ratinho \u00e0 Presid\u00eancia, o que dividiria os votos da direita.<\/p>\n\n\n\n<p class=\"wp-block-paragraph\">\u200bComo contra-ataque, Fl\u00e1vio Bolsonaro tem sinalizado uma aproxima\u00e7\u00e3o surpreendente com o senador Sergio Moro (Uni\u00e3o Brasil). A estrat\u00e9gia seria lan\u00e7ar ou apoiar Moro ao Governo do Paran\u00e1 para for\u00e7ar Ratinho a recuar de suas pretens\u00f5es nacionais ou, no m\u00ednimo, garantir um palanque forte para o bolsonarismo no estado, atropelando acordos pr\u00e9vios que previam uma alian\u00e7a entre PL e PSD.<\/p>\n\n\n\n<h3 class=\"wp-block-heading\">\u200bSanta Catarina: A primeira vit\u00f3ria da &#8220;Central de Comando&#8221;<\/h3>\n\n\n\n<p class=\"wp-block-paragraph\">\u200bSe em SP e PR o clima \u00e9 de guerra, em Santa Catarina Fl\u00e1vio j\u00e1 imp\u00f4s sua vontade. Em reuni\u00e3o nesta quarta-feira (25), o senador confirmou uma chapa fechada que &#8220;rifou&#8221; o tradicional aliado Esperidi\u00e3o Amin (PP). A composi\u00e7\u00e3o oficial ter\u00e1 o governador Jorginho Mello \u00e0 reelei\u00e7\u00e3o, com Carlos Bolsonaro e Caroline de Toni disputando as duas vagas ao Senado. A decis\u00e3o mostra que o &#8220;comando&#8221; de Fl\u00e1vio n\u00e3o hesitar\u00e1 em priorizar a fam\u00edlia e o n\u00facleo duro do partido, mesmo que isso custe alian\u00e7as hist\u00f3ricas.<\/p>\n\n\n\n<h3 class=\"wp-block-heading\">\u200bO que dizem os especialistas<\/h3>\n\n\n\n<p class=\"wp-block-paragraph\">\u200bAnalistas pol\u00edticos apontam que a postura de Fl\u00e1vio Bolsonaro reflete a urg\u00eancia do cl\u00e3 em manter o controle do esp\u00f3lio pol\u00edtico de Jair Bolsonaro, atualmente ineleg\u00edvel. Ao centralizar as decis\u00f5es e vazar \u2014 propositalmente ou n\u00e3o \u2014 seus &#8220;rabiscos&#8221; de estrat\u00e9gia, Fl\u00e1vio envia um recado claro: o PL n\u00e3o aceitar\u00e1 ser apenas coadjuvante em 2026, mesmo em estados governados por aliados.<\/p>\n\n\n\n<p class=\"wp-block-paragraph\">\u200bA &#8220;central de comando&#8221; de Fl\u00e1vio Bolsonaro agora monitora Minas Gerais, onde a sucess\u00e3o de Romeu Zema (Novo) \u00e9 vista como o pr\u00f3ximo grande tabuleiro a ser ocupado pela caneta do senador.<\/p>\n","protected":false},"excerpt":{"rendered":"<p>O cen\u00e1rio pol\u00edtico nacional entrou em ebuli\u00e7\u00e3o nesta semana ap\u00f3s o senador Fl\u00e1vio Bolsonaro (PL-RJ) assumir formalmente o papel de &#8220;estrategista-chefe&#8221; do Partido Liberal para [&#8230;]<\/p>\n","protected":false},"author":1,"featured_media":4752,"comment_status":"open","ping_status":"open","sticky":false,"template":"","format":"standard","meta":{"_crdt_document":"","_jetpack_memberships_contains_paid_content":false,"footnotes":"","jetpack_publicize_message":"","jetpack_publicize_feature_enabled":true,"jetpack_social_post_already_shared":true,"jetpack_social_options":{"image_generator_settings":{"template":"highway","default_image_id":0,"font":"","enabled":false},"version":2}},"categories":[5],"tags":[],"class_list":["post-4751","post","type-post","status-publish","format-standard","has-post-thumbnail","hentry","category-parana"],"jetpack_publicize_connections":[],"jetpack_featured_media_url":"https:\/\/i0.wp.com\/oexpressobr.com.br\/wp-content\/uploads\/2026\/02\/ratinho-junior.jpg?fit=1200%2C675&ssl=1","jetpack_likes_enabled":true,"jetpack_sharing_enabled":true,"_links":{"self":[{"href":"https:\/\/oexpressobr.com.br\/index.php?rest_route=\/wp\/v2\/posts\/4751","targetHints":{"allow":["GET"]}}],"collection":[{"href":"https:\/\/oexpressobr.com.br\/index.php?rest_route=\/wp\/v2\/posts"}],"about":[{"href":"https:\/\/oexpressobr.com.br\/index.php?rest_route=\/wp\/v2\/types\/post"}],"author":[{"embeddable":true,"href":"https:\/\/oexpressobr.com.br\/index.php?rest_route=\/wp\/v2\/users\/1"}],"replies":[{"embeddable":true,"href":"https:\/\/oexpressobr.com.br\/index.php?rest_route=%2Fwp%2Fv2%2Fcomments&post=4751"}],"version-history":[{"count":1,"href":"https:\/\/oexpressobr.com.br\/index.php?rest_route=\/wp\/v2\/posts\/4751\/revisions"}],"predecessor-version":[{"id":4753,"href":"https:\/\/oexpressobr.com.br\/index.php?rest_route=\/wp\/v2\/posts\/4751\/revisions\/4753"}],"wp:featuredmedia":[{"embeddable":true,"href":"https:\/\/oexpressobr.com.br\/index.php?rest_route=\/wp\/v2\/media\/4752"}],"wp:attachment":[{"href":"https:\/\/oexpressobr.com.br\/index.php?rest_route=%2Fwp%2Fv2%2Fmedia&parent=4751"}],"wp:term":[{"taxonomy":"category","embeddable":true,"href":"https:\/\/oexpressobr.com.br\/index.php?rest_route=%2Fwp%2Fv2%2Fcategories&post=4751"},{"taxonomy":"post_tag","embeddable":true,"href":"https:\/\/oexpressobr.com.br\/index.php?rest_route=%2Fwp%2Fv2%2Ftags&post=4751"}],"curies":[{"name":"wp","href":"https:\/\/api.w.org\/{rel}","templated":true}]}}