{"id":476,"date":"2025-12-09T08:59:33","date_gmt":"2025-12-09T11:59:33","guid":{"rendered":"https:\/\/oexpressobr.com.br\/?p=476"},"modified":"2025-12-09T08:59:34","modified_gmt":"2025-12-09T11:59:34","slug":"tarcisio-reafirma-lealdade-a-bolsonaro-e-endossa-flavio-na-corrida-presidencial-de-2026","status":"publish","type":"post","link":"https:\/\/oexpressobr.com.br\/?p=476","title":{"rendered":"Tarc\u00edsio Reafirma Lealdade a Bolsonaro e Endossa Fl\u00e1vio na Corrida Presidencial de 2026"},"content":{"rendered":"\n<p class=\"wp-block-paragraph\"><strong>Governador de S\u00e3o Paulo garante apoio ao senador, mas avalia que tempo dir\u00e1 se \u00e9 a melhor op\u00e7\u00e3o, enquanto cita o crescimento de outros nomes da oposi\u00e7\u00e3o.<\/strong><\/p>\n\n\n\n<p class=\"wp-block-paragraph\">\u200bO governador de S\u00e3o Paulo, <strong>Tarc\u00edsio de Freitas<\/strong> (Republicanos), rompeu o sil\u00eancio e declarou publicamente seu apoio \u00e0 pr\u00e9-candidatura do senador <strong>Fl\u00e1vio Bolsonaro<\/strong> (PL-RJ) \u00e0 Presid\u00eancia da Rep\u00fablica em 2026. A manifesta\u00e7\u00e3o aconteceu nesta segunda-feira (8), em meio \u00e0 efervesc\u00eancia pol\u00edtica ap\u00f3s o an\u00fancio de Fl\u00e1vio, que se coloca como o nome endossado pelo pai, o ex-presidente <strong>Jair Bolsonaro<\/strong>.<\/p>\n\n\n\n<p class=\"wp-block-paragraph\">\u200b\u201cO presidente Bolsonaro \u00e9 uma pessoa que eu respeito muito, sempre disse que eu serei leal a ele. Isso \u00e9 <strong>inegoci\u00e1vel<\/strong>,&#8221; afirmou Tarc\u00edsio, refor\u00e7ando o la\u00e7o de gratid\u00e3o e fidelidade. &#8220;O <strong>Fl\u00e1vio vai contar com a gente<\/strong>.\u201d<\/p>\n\n\n\n<h3 class=\"wp-block-heading\">\u200bFl\u00e1vio assume &#8220;grande responsabilidade&#8221;<\/h3>\n\n\n\n<p class=\"wp-block-paragraph\">\u200bApesar do apoio incondicional, Tarc\u00edsio de Freitas evitou cravar a candidatura de Fl\u00e1vio como a definitiva para o campo da direita e do centro-direita. O governador mencionou que o filho do ex-presidente assume uma <strong>&#8220;grande responsabilidade&#8221;<\/strong> ao se juntar a outros nomes que t\u00eam se destacado na oposi\u00e7\u00e3o ao governo do presidente Luiz In\u00e1cio Lula da Silva (PT).<\/p>\n\n\n\n<p class=\"wp-block-paragraph\">\u200bTarc\u00edsio citou nominalmente outros governadores cotados para o pleito: <strong>Romeu Zema<\/strong> (Novo), de Minas Gerais; <strong>Ronaldo Caiado<\/strong> (Uni\u00e3o), de Goi\u00e1s; e <strong>Ratinho J\u00fanior<\/strong> (PSD), do Paran\u00e1.<\/p>\n\n\n\n<p class=\"wp-block-paragraph\">\u200b\u201cEle se junta a outros grandes nomes da oposi\u00e7\u00e3o que j\u00e1 colocaram seus nomes, como Romeu Zema, Ronaldo Caiado. Podemos ter outros nomes, como o Ratinho J\u00fanior. Todos <strong>extremamente qualificados<\/strong>\u201d, ponderou o governador paulista.<\/p>\n\n\n\n<h3 class=\"wp-block-heading\">\u200bMultiplicidade de Nomes e Avalia\u00e7\u00e3o Futura<\/h3>\n\n\n\n<p class=\"wp-block-paragraph\">\u200bAo ser questionado sobre a estrat\u00e9gia da oposi\u00e7\u00e3o em lan\u00e7ar m\u00faltiplos candidatos e se a escolha por Fl\u00e1vio seria a mais acertada, considerando algumas pesquisas que apontavam Tarc\u00edsio com melhor desempenho em eventuais cen\u00e1rios de segundo turno, o governador de S\u00e3o Paulo adotou cautela.<\/p>\n\n\n\n<p class=\"wp-block-paragraph\">\u200b\u201cIsso a gente vai <strong>avaliar ao longo do tempo<\/strong>. Est\u00e1 cedo. A gente tem <strong>tempo de matura\u00e7\u00e3o<\/strong>\u201d, declarou.<\/p>\n\n\n\n<p class=\"wp-block-paragraph\">\u200bTarc\u00edsio defendeu que a <strong>multiplicidade de nomes<\/strong> ser\u00e1 um fator positivo para a oposi\u00e7\u00e3o, argumentando que os projetos distintos poder\u00e3o convergir em um <strong>candidato \u00fanico<\/strong> em um eventual segundo turno contra o atual governo. A meta, segundo o governador, \u00e9 <strong>&#8220;afastar o que est\u00e1 a\u00ed, que n\u00e3o deu certo&#8221;<\/strong> e devolver a esperan\u00e7a ao povo brasileiro.<\/p>\n\n\n\n<h3 class=\"wp-block-heading\">\u200bCen\u00e1rio de Desafios e Repercuss\u00e3o<\/h3>\n\n\n\n<p class=\"wp-block-paragraph\">\u200bA candidatura de Fl\u00e1vio Bolsonaro, embora recebendo apoio do n\u00facleo bolsonarista, como o presidente do PL, Valdemar Costa Neto, ainda enfrenta resist\u00eancias e discuss\u00f5es dentro do pr\u00f3prio campo da direita e do Centr\u00e3o. Lideran\u00e7as como o senador Ciro Nogueira (PP) sinalizaram a necessidade de um di\u00e1logo amplo entre os partidos para que a escolha final n\u00e3o seja uma decis\u00e3o unilateral do PL, ponderando a import\u00e2ncia de <strong>viabilidade pol\u00edtica<\/strong> e pesquisas eleitorais.<\/p>\n\n\n\n<p class=\"wp-block-paragraph\">\u200bEm entrevista recente, Fl\u00e1vio Bolsonaro reafirmou a <strong>irreversibilidade<\/strong> de sua candidatura e a import\u00e2ncia de ter o <strong>&#8220;sangue Bolsonaro&#8221;<\/strong> na disputa, enquanto buscava se diferenciar do pai em alguns pontos, citando a vacina\u00e7\u00e3o contra a Covid-19 como exemplo. Ele tamb\u00e9m associou a n\u00e3o reelei\u00e7\u00e3o de Lula \u00e0 eventual liberdade do pai, que cumpre pena ap\u00f3s condena\u00e7\u00e3o.<\/p>\n\n\n\n<p class=\"wp-block-paragraph\">\u200bCom a declara\u00e7\u00e3o de Tarc\u00edsio, o cen\u00e1rio da direita se consolida em torno de Fl\u00e1vio como o nome inicial, mas com o reconhecimento de que a disputa interna ser\u00e1 intensa, contando com a presen\u00e7a de governadores com forte apelo eleitoral e administrativo, como Zema, Caiado e Ratinho J\u00fanior. O <strong>\u201ctempo de matura\u00e7\u00e3o\u201d<\/strong> mencionado por Tarc\u00edsio ser\u00e1 crucial para definir a estrat\u00e9gia unificada da oposi\u00e7\u00e3o.<\/p>\n","protected":false},"excerpt":{"rendered":"<p>Governador de S\u00e3o Paulo garante apoio ao senador, mas avalia que tempo dir\u00e1 se \u00e9 a melhor op\u00e7\u00e3o, enquanto cita o crescimento de outros nomes [&#8230;]<\/p>\n","protected":false},"author":1,"featured_media":477,"comment_status":"open","ping_status":"open","sticky":false,"template":"","format":"standard","meta":{"_crdt_document":"","_jetpack_memberships_contains_paid_content":false,"footnotes":"","jetpack_publicize_message":"","jetpack_publicize_feature_enabled":true,"jetpack_social_post_already_shared":false,"jetpack_social_options":{"image_generator_settings":{"template":"highway","default_image_id":0,"font":"","enabled":false},"version":2}},"categories":[7],"tags":[],"class_list":["post-476","post","type-post","status-publish","format-standard","has-post-thumbnail","hentry","category-politica"],"jetpack_publicize_connections":[],"jetpack_featured_media_url":"https:\/\/i0.wp.com\/oexpressobr.com.br\/wp-content\/uploads\/2025\/12\/IMG-20251209-WA0102.jpg?fit=1380%2C920&ssl=1","jetpack_likes_enabled":true,"jetpack_sharing_enabled":true,"_links":{"self":[{"href":"https:\/\/oexpressobr.com.br\/index.php?rest_route=\/wp\/v2\/posts\/476","targetHints":{"allow":["GET"]}}],"collection":[{"href":"https:\/\/oexpressobr.com.br\/index.php?rest_route=\/wp\/v2\/posts"}],"about":[{"href":"https:\/\/oexpressobr.com.br\/index.php?rest_route=\/wp\/v2\/types\/post"}],"author":[{"embeddable":true,"href":"https:\/\/oexpressobr.com.br\/index.php?rest_route=\/wp\/v2\/users\/1"}],"replies":[{"embeddable":true,"href":"https:\/\/oexpressobr.com.br\/index.php?rest_route=%2Fwp%2Fv2%2Fcomments&post=476"}],"version-history":[{"count":0,"href":"https:\/\/oexpressobr.com.br\/index.php?rest_route=\/wp\/v2\/posts\/476\/revisions"}],"wp:featuredmedia":[{"embeddable":true,"href":"https:\/\/oexpressobr.com.br\/index.php?rest_route=\/wp\/v2\/media\/477"}],"wp:attachment":[{"href":"https:\/\/oexpressobr.com.br\/index.php?rest_route=%2Fwp%2Fv2%2Fmedia&parent=476"}],"wp:term":[{"taxonomy":"category","embeddable":true,"href":"https:\/\/oexpressobr.com.br\/index.php?rest_route=%2Fwp%2Fv2%2Fcategories&post=476"},{"taxonomy":"post_tag","embeddable":true,"href":"https:\/\/oexpressobr.com.br\/index.php?rest_route=%2Fwp%2Fv2%2Ftags&post=476"}],"curies":[{"name":"wp","href":"https:\/\/api.w.org\/{rel}","templated":true}]}}