{"id":4760,"date":"2026-02-26T19:55:21","date_gmt":"2026-02-26T22:55:21","guid":{"rendered":"https:\/\/oexpressobr.com.br\/?p=4760"},"modified":"2026-02-26T19:55:26","modified_gmt":"2026-02-26T22:55:26","slug":"ratinho-junior-ve-base-rachar-no-parana-enquanto-empresariado-de-sp-banca-projeto-presidencial","status":"publish","type":"post","link":"https:\/\/oexpressobr.com.br\/?p=4760","title":{"rendered":"RATINHO JUNIOR v\u00ea base rachar no Paran\u00e1 enquanto empresariado de SP banca projeto presidencial"},"content":{"rendered":"\n<p class=\"wp-block-paragraph\">\u200bO governador Ratinho Junior (PSD) atravessa um momento de &#8220;encruzilhada pol\u00edtica&#8221; que coloca em risco a hegemonia de seu grupo no Paran\u00e1. Enquanto o chefe do Executivo intensifica agendas em Bras\u00edlia e S\u00e3o Paulo, tentando se consolidar como a alternativa da &#8220;direita moderada&#8221; ao Planalto, o cen\u00e1rio dom\u00e9stico em Curitiba d\u00e1 sinais de descontrole. Aliados hist\u00f3ricos, que antes caminhavam em sintonia, agora travam uma guerra surda de bastidores para ocupar o v\u00e1cuo deixado pela aus\u00eancia de um sucessor natural ungido pelo Pal\u00e1cio Igua\u00e7u.<\/p>\n\n\n\n<h3 class=\"wp-block-heading\">\u200bO tabuleiro paranaense em chamas<\/h3>\n\n\n\n<p class=\"wp-block-paragraph\">\u200bA &#8220;pol\u00edtica real&#8221; no Paran\u00e1 entrou em ebuli\u00e7\u00e3o com a antecipa\u00e7\u00e3o da corrida de 2026. A falta de uma defini\u00e7\u00e3o clara de Ratinho Junior sobre quem ser\u00e1 o seu herdeiro pol\u00edtico abriu espa\u00e7o para candidaturas independentes e movimentos de autopromo\u00e7\u00e3o.<\/p>\n\n\n\n<ul class=\"wp-block-list\">\n<li>\u200b<strong>Alexandre Curi e a Assembleia:<\/strong> O presidente da Assembleia Legislativa (Alep), Alexandre Curi (PSD), tem se movimentado com desenvoltura, consolidando uma base s\u00f3lida de prefeitos e deputados, muitas vezes operando de forma aut\u00f4noma \u00e0s diretrizes do governador.<\/li>\n\n\n\n<li>\u200b<strong>Rafael Greca no p\u00e1reo:<\/strong> O ex-prefeito de Curitiba, Rafael Greca, n\u00e3o esconde o desejo de disputar o governo estadual, contando com sua alta popularidade na capital como principal trunfo.<\/li>\n\n\n\n<li>\u200b<strong>A sombra de Sergio Moro:<\/strong> A indefini\u00e7\u00e3o na base governista \u00e9 o combust\u00edvel que o senador Sergio Moro (Uni\u00e3o Brasil) precisava. L\u00edder em pesquisas de inten\u00e7\u00e3o de voto para o governo estadual, Moro aproveita o racha no grupo de Ratinho para se posicionar como o nome mais vi\u00e1vel da oposi\u00e7\u00e3o ou at\u00e9 de uma ala dissidente do centro-direita.<\/li>\n<\/ul>\n\n\n\n<h3 class=\"wp-block-heading\">\u200bA &#8220;fantasia&#8221; presidencial e o apoio do PIB<\/h3>\n\n\n\n<p class=\"wp-block-paragraph\">\u200bEnquanto a base se engalfinha no Paran\u00e1, Ratinho Junior joga suas fichas no plano nacional. Recentemente, o governador participou de jantares com grandes empres\u00e1rios em S\u00e3o Paulo, onde foi apresentado como um nome capaz de atrair o setor produtivo que busca uma alternativa tanto ao PT quanto ao &#8220;caos bolsonarista&#8221;.<\/p>\n\n\n\n<p class=\"wp-block-paragraph\">\u200bO apoio da elite financeira \u00e9 real e robusto, mas o pre\u00e7o pode ser alto: para ser candidato a presidente, Ratinho precisar\u00e1 renunciar ao cargo em abril de 2026, deixando o governo nas m\u00e3os de seu vice, Darci Piana (PSD). O problema \u00e9 que, aos 85 anos, Piana \u00e9 visto por parte dos aliados como um &#8220;tamp\u00e3o&#8221; que n\u00e3o teria for\u00e7a pol\u00edtica para conter as ambi\u00e7\u00f5es de Curi, Greca e outros pretendentes, o que poderia fragmentar de vez a coliga\u00e7\u00e3o governista.<\/p>\n\n\n\n<h3 class=\"wp-block-heading\">\u200bO dilema de 2026<\/h3>\n\n\n\n<p class=\"wp-block-paragraph\">\u200bInterlocutores do PSD nacional, liderados por Gilberto Kassab, j\u00e1 admitem que o partido pode precisar &#8220;recalibrar&#8221; as ambi\u00e7\u00f5es. Se Ratinho Junior n\u00e3o conseguir estancar a crise sucess\u00f3ria no Paran\u00e1, corre o risco de chegar \u00e0 disputa presidencial sem um palanque forte em seu pr\u00f3prio estado \u2014 ou pior, ver o estado ser conquistado por um rival direto como Moro.<\/p>\n\n\n\n<p class=\"wp-block-paragraph\">\u200bA pol\u00edtica paranaense, conhecida por sua tradicional estabilidade sob o comando de Ratinho, hoje vive dias de incerteza. O governador esticou a corda nacional, mas agora precisa decidir se o sonho do Planalto vale o risco de perder o controle do Pal\u00e1cio Igua\u00e7u.<\/p>\n","protected":false},"excerpt":{"rendered":"<p>\u200bO governador Ratinho Junior (PSD) atravessa um momento de &#8220;encruzilhada pol\u00edtica&#8221; que coloca em risco a hegemonia de seu grupo no Paran\u00e1. Enquanto o chefe [&#8230;]<\/p>\n","protected":false},"author":1,"featured_media":4761,"comment_status":"open","ping_status":"open","sticky":false,"template":"","format":"standard","meta":{"_crdt_document":"","_jetpack_memberships_contains_paid_content":false,"footnotes":"","jetpack_publicize_message":"","jetpack_publicize_feature_enabled":true,"jetpack_social_post_already_shared":true,"jetpack_social_options":{"image_generator_settings":{"template":"highway","default_image_id":0,"font":"","enabled":false},"version":2}},"categories":[7],"tags":[],"class_list":["post-4760","post","type-post","status-publish","format-standard","has-post-thumbnail","hentry","category-politica"],"jetpack_publicize_connections":[],"jetpack_featured_media_url":"https:\/\/i0.wp.com\/oexpressobr.com.br\/wp-content\/uploads\/2026\/02\/ratinho-junior-oculos-cor-de-rosa-11.jpg?fit=1200%2C675&ssl=1","jetpack_likes_enabled":true,"jetpack_sharing_enabled":true,"_links":{"self":[{"href":"https:\/\/oexpressobr.com.br\/index.php?rest_route=\/wp\/v2\/posts\/4760","targetHints":{"allow":["GET"]}}],"collection":[{"href":"https:\/\/oexpressobr.com.br\/index.php?rest_route=\/wp\/v2\/posts"}],"about":[{"href":"https:\/\/oexpressobr.com.br\/index.php?rest_route=\/wp\/v2\/types\/post"}],"author":[{"embeddable":true,"href":"https:\/\/oexpressobr.com.br\/index.php?rest_route=\/wp\/v2\/users\/1"}],"replies":[{"embeddable":true,"href":"https:\/\/oexpressobr.com.br\/index.php?rest_route=%2Fwp%2Fv2%2Fcomments&post=4760"}],"version-history":[{"count":1,"href":"https:\/\/oexpressobr.com.br\/index.php?rest_route=\/wp\/v2\/posts\/4760\/revisions"}],"predecessor-version":[{"id":4762,"href":"https:\/\/oexpressobr.com.br\/index.php?rest_route=\/wp\/v2\/posts\/4760\/revisions\/4762"}],"wp:featuredmedia":[{"embeddable":true,"href":"https:\/\/oexpressobr.com.br\/index.php?rest_route=\/wp\/v2\/media\/4761"}],"wp:attachment":[{"href":"https:\/\/oexpressobr.com.br\/index.php?rest_route=%2Fwp%2Fv2%2Fmedia&parent=4760"}],"wp:term":[{"taxonomy":"category","embeddable":true,"href":"https:\/\/oexpressobr.com.br\/index.php?rest_route=%2Fwp%2Fv2%2Fcategories&post=4760"},{"taxonomy":"post_tag","embeddable":true,"href":"https:\/\/oexpressobr.com.br\/index.php?rest_route=%2Fwp%2Fv2%2Ftags&post=4760"}],"curies":[{"name":"wp","href":"https:\/\/api.w.org\/{rel}","templated":true}]}}