{"id":4763,"date":"2026-02-26T20:08:57","date_gmt":"2026-02-26T23:08:57","guid":{"rendered":"https:\/\/oexpressobr.com.br\/?p=4763"},"modified":"2026-02-26T20:09:02","modified_gmt":"2026-02-26T23:09:02","slug":"alvaro-dias-articula-retorno-ao-senado-com-aval-da-cupula-nacional-do-mdb","status":"publish","type":"post","link":"https:\/\/oexpressobr.com.br\/?p=4763","title":{"rendered":"\u00c1LVARO DIAS articula retorno ao Senado com aval da c\u00fapula nacional do MDB"},"content":{"rendered":"\n<p class=\"wp-block-paragraph\">\u200bO cen\u00e1rio pol\u00edtico paranaense para as elei\u00e7\u00f5es de 2026 ganha contornos definitivos com a confirma\u00e7\u00e3o da pr\u00e9-candidatura de \u00c1lvaro Dias ao Senado Federal. Em conversa com o <em>Blog do Tupan<\/em> nesta quarta-feira (25), o ex-senador reafirmou seu desejo de disputar uma das duas cadeiras que estar\u00e3o em jogo no pr\u00f3ximo pleito, consolidando um movimento de bastidores que vinha sendo desenhado desde sua filia\u00e7\u00e3o ao MDB, em novembro do ano passado.<\/p>\n\n\n\n<p class=\"wp-block-paragraph\">\u200bA articula\u00e7\u00e3o conta com o suporte direto de figuras pesadas do partido. O vice-presidente do MDB no Paran\u00e1, Renato Adur, confirmou que a movimenta\u00e7\u00e3o de \u00c1lvaro possui o &#8220;sinal verde&#8221; do presidente nacional da sigla, Baleia Rossi. O objetivo do partido \u00e9 retomar o protagonismo no estado, utilizando a experi\u00eancia e o capital pol\u00edtico de Dias como principal ativo eleitoral.<\/p>\n\n\n\n<h3 class=\"wp-block-heading\">\u200b<strong>Favoritismo nas pesquisas<\/strong><\/h3>\n\n\n\n<p class=\"wp-block-paragraph\">\u200bOs dados mais recentes refor\u00e7am a viabilidade do projeto. Segundo levantamento do instituto <em>Paran\u00e1 Pesquisas<\/em> divulgado em janeiro de 2026, \u00c1lvaro Dias lidera as inten\u00e7\u00f5es de voto em diferentes cen\u00e1rios. Em uma das simula\u00e7\u00f5es estimuladas, o ex-senador atinge <strong>47,5%<\/strong>, seguido pelo deputado estadual Alexandre Curi (PSD), que aparece com 36,2%. Em um cen\u00e1rio alternativo, a vantagem de \u00c1lvaro chega a <strong>52,2%<\/strong>, consolidando-o como o nome a ser batido.<\/p>\n\n\n\n<p class=\"wp-block-paragraph\">\u200bA performance de \u00c1lvaro \u00e9 vista com entusiasmo pelo MDB, especialmente ap\u00f3s o hiato for\u00e7ado pela derrota em 2022 para Sergio Moro. O retorno ao MDB \u2014 partido onde construiu parte importante de sua trajet\u00f3ria \u2014 \u00e9 interpretado por aliados como o &#8220;regresso do bom filho \u00e0 casa&#8221;, agora com o suporte de uma estrutura partid\u00e1ria nacional interessada em fortalecer suas bases no Sul do pa\u00eds.<\/p>\n\n\n\n<h3 class=\"wp-block-heading\">\u200b<strong>Desafios e Alian\u00e7as<\/strong><\/h3>\n\n\n\n<p class=\"wp-block-paragraph\">\u200bApesar da lideran\u00e7a num\u00e9rica, o caminho n\u00e3o est\u00e1 isento de obst\u00e1culos. Analistas pol\u00edticos apontam que o grande desafio de \u00c1lvaro Dias ser\u00e1 a forma\u00e7\u00e3o de uma coaliz\u00e3o robusta. Enquanto o grupo pol\u00edtico do governador Ratinho Junior (PSD) ainda avalia quais nomes apoiar \u2014 entre eles Alexandre Curi, Guto Silva e Rafael Greca \u2014, \u00c1lvaro tenta se posicionar como uma alternativa de &#8220;centro-direita democr\u00e1tica&#8221;, buscando atrair legendas que ainda n\u00e3o se comprometeram com a m\u00e1quina estadual.<\/p>\n\n\n\n<p class=\"wp-block-paragraph\">\u200bOutro fator determinante ser\u00e1 o desempenho de outros nomes fortes, como o senador Sergio Moro (Uni\u00e3o) e a deputada Gleisi Hoffmann (PT), que tamb\u00e9m figuram como potenciais competidores nas pesquisas de opini\u00e3o. Com duas vagas em disputa para o Senado em 2026, a estrat\u00e9gia do MDB \u00e9 garantir que \u00c1lvaro Dias ocupe uma delas, devolvendo ao Paran\u00e1 a representatividade de um dos seus pol\u00edticos mais longevos e influentes.<\/p>\n","protected":false},"excerpt":{"rendered":"<p>\u200bO cen\u00e1rio pol\u00edtico paranaense para as elei\u00e7\u00f5es de 2026 ganha contornos definitivos com a confirma\u00e7\u00e3o da pr\u00e9-candidatura de \u00c1lvaro Dias ao Senado Federal. Em conversa [&#8230;]<\/p>\n","protected":false},"author":1,"featured_media":4764,"comment_status":"open","ping_status":"open","sticky":false,"template":"","format":"standard","meta":{"_crdt_document":"","_jetpack_memberships_contains_paid_content":false,"footnotes":"","jetpack_publicize_message":"","jetpack_publicize_feature_enabled":true,"jetpack_social_post_already_shared":true,"jetpack_social_options":{"image_generator_settings":{"template":"highway","default_image_id":0,"font":"","enabled":false},"version":2}},"categories":[7],"tags":[],"class_list":["post-4763","post","type-post","status-publish","format-standard","has-post-thumbnail","hentry","category-politica"],"jetpack_publicize_connections":[],"jetpack_featured_media_url":"https:\/\/i0.wp.com\/oexpressobr.com.br\/wp-content\/uploads\/2026\/02\/Alvaro-Dias.jpg?fit=700%2C466&ssl=1","jetpack_likes_enabled":true,"jetpack_sharing_enabled":true,"_links":{"self":[{"href":"https:\/\/oexpressobr.com.br\/index.php?rest_route=\/wp\/v2\/posts\/4763","targetHints":{"allow":["GET"]}}],"collection":[{"href":"https:\/\/oexpressobr.com.br\/index.php?rest_route=\/wp\/v2\/posts"}],"about":[{"href":"https:\/\/oexpressobr.com.br\/index.php?rest_route=\/wp\/v2\/types\/post"}],"author":[{"embeddable":true,"href":"https:\/\/oexpressobr.com.br\/index.php?rest_route=\/wp\/v2\/users\/1"}],"replies":[{"embeddable":true,"href":"https:\/\/oexpressobr.com.br\/index.php?rest_route=%2Fwp%2Fv2%2Fcomments&post=4763"}],"version-history":[{"count":1,"href":"https:\/\/oexpressobr.com.br\/index.php?rest_route=\/wp\/v2\/posts\/4763\/revisions"}],"predecessor-version":[{"id":4765,"href":"https:\/\/oexpressobr.com.br\/index.php?rest_route=\/wp\/v2\/posts\/4763\/revisions\/4765"}],"wp:featuredmedia":[{"embeddable":true,"href":"https:\/\/oexpressobr.com.br\/index.php?rest_route=\/wp\/v2\/media\/4764"}],"wp:attachment":[{"href":"https:\/\/oexpressobr.com.br\/index.php?rest_route=%2Fwp%2Fv2%2Fmedia&parent=4763"}],"wp:term":[{"taxonomy":"category","embeddable":true,"href":"https:\/\/oexpressobr.com.br\/index.php?rest_route=%2Fwp%2Fv2%2Fcategories&post=4763"},{"taxonomy":"post_tag","embeddable":true,"href":"https:\/\/oexpressobr.com.br\/index.php?rest_route=%2Fwp%2Fv2%2Ftags&post=4763"}],"curies":[{"name":"wp","href":"https:\/\/api.w.org\/{rel}","templated":true}]}}