{"id":4766,"date":"2026-02-26T20:32:55","date_gmt":"2026-02-26T23:32:55","guid":{"rendered":"https:\/\/oexpressobr.com.br\/?p=4766"},"modified":"2026-02-26T20:32:59","modified_gmt":"2026-02-26T23:32:59","slug":"policia-federal-afasta-eduardo-bolsonaro-do-cargo-de-escrivao-por-faltas-injustificadas","status":"publish","type":"post","link":"https:\/\/oexpressobr.com.br\/?p=4766","title":{"rendered":"POL\u00cdCIA FEDERAL afasta Eduardo Bolsonaro do cargo de escriv\u00e3o por faltas injustificadas"},"content":{"rendered":"\n<p class=\"wp-block-paragraph\">\u200bA Corregedoria Regional da Pol\u00edcia Federal no Rio de Janeiro oficializou, nesta quinta-feira (26), o afastamento preventivo do ex-deputado federal Eduardo Bolsonaro do cargo de escriv\u00e3o. A decis\u00e3o, assinada originalmente no dia 10 de fevereiro, decorre de um Processo Administrativo Disciplinar (PAD) que investiga o abandono de cargo e o ac\u00famulo de faltas n\u00e3o justificadas ap\u00f3s o pol\u00edtico perder seu mandato parlamentar.<\/p>\n\n\n\n<p class=\"wp-block-paragraph\">\u200bEduardo Bolsonaro, que exercia o mandato de deputado federal e estava licenciado da corpora\u00e7\u00e3o para a atividade pol\u00edtica, teve seu mandato cassado pela C\u00e2mara dos Deputados em 18 de dezembro de 2025, justamente pelo excesso de aus\u00eancias nas sess\u00f5es deliberativas. Com a perda do foro e da licen\u00e7a, a Pol\u00edcia Federal determinou, em 2 de janeiro de 2026, seu retorno imediato \u00e0s fun\u00e7\u00f5es na delegacia de Angra dos Reis (RJ).<\/p>\n\n\n\n<p class=\"wp-block-paragraph\">\u200b<strong>Fuga e Processo Disciplinar<\/strong><\/p>\n\n\n\n<p class=\"wp-block-paragraph\">De acordo com os registros da corpora\u00e7\u00e3o, o ex-parlamentar n\u00e3o se apresentou ao servi\u00e7o por mais de 30 dias consecutivos, configurando, em tese, o crime administrativo de abandono de cargo. Eduardo reside nos Estados Unidos desde fevereiro de 2025 e j\u00e1 declarou publicamente que n\u00e3o pretende retornar ao Brasil por se considerar alvo de &#8220;persegui\u00e7\u00e3o judicial&#8221;.<\/p>\n\n\n\n<p class=\"wp-block-paragraph\">\u200bA portaria publicada hoje imp\u00f5e medidas rigorosas:<\/p>\n\n\n\n<ul class=\"wp-block-list\">\n<li>\u200b<strong>Afastamento preventivo:<\/strong> Suspens\u00e3o imediata de suas fun\u00e7\u00f5es como servidor.<\/li>\n\n\n\n<li>\u200b<strong>Recolhimento de bens:<\/strong> O ex-deputado deve entregar sua carteira funcional e sua arma de fogo institucional.<\/li>\n\n\n\n<li>\u200b<strong>Risco de demiss\u00e3o:<\/strong> Caso o PAD confirme a inassiduidade habitual ou o abandono, a pena prevista \u00e9 a demiss\u00e3o do servi\u00e7o p\u00fablico, o que acarretaria a perda definitiva da estabilidade, do porte de arma e de benef\u00edcios previdenci\u00e1rios vinculados \u00e0 PF.<\/li>\n<\/ul>\n\n\n\n<p class=\"wp-block-paragraph\">\u200b<strong>Contexto Jur\u00eddico<\/strong><\/p>\n\n\n\n<p class=\"wp-block-paragraph\">Al\u00e9m da situa\u00e7\u00e3o administrativa na Pol\u00edcia Federal, Eduardo Bolsonaro enfrenta outros desafios no Judici\u00e1rio. Ele \u00e9 r\u00e9u em processos no Supremo Tribunal Federal (STF) por coa\u00e7\u00e3o no curso do processo e por sua atua\u00e7\u00e3o internacional contra autoridades brasileiras.<\/p>\n\n\n\n<p class=\"wp-block-paragraph\">\u200bA defesa do ex-deputado afirmou em ocasi\u00f5es anteriores que o processo tem motiva\u00e7\u00e3o pol\u00edtica, enquanto especialistas em direito administrativo refor\u00e7am que o dever de assiduidade \u00e9 obrigat\u00f3rio para qualquer servidor p\u00fablico concursado que n\u00e3o possua amparo legal para o afastamento. O prazo para a conclus\u00e3o do relat\u00f3rio final do PAD deve ocorrer nos pr\u00f3ximos meses, definindo se o &#8220;filho 03&#8221; de Jair Bolsonaro ser\u00e1 definitivamente desligado dos quadros da Pol\u00edcia Federal.<\/p>\n","protected":false},"excerpt":{"rendered":"<p>\u200bA Corregedoria Regional da Pol\u00edcia Federal no Rio de Janeiro oficializou, nesta quinta-feira (26), o afastamento preventivo do ex-deputado federal Eduardo Bolsonaro do cargo de [&#8230;]<\/p>\n","protected":false},"author":1,"featured_media":4767,"comment_status":"open","ping_status":"open","sticky":false,"template":"","format":"standard","meta":{"_crdt_document":"","_jetpack_memberships_contains_paid_content":false,"footnotes":"","jetpack_publicize_message":"","jetpack_publicize_feature_enabled":true,"jetpack_social_post_already_shared":true,"jetpack_social_options":{"image_generator_settings":{"template":"highway","default_image_id":0,"font":"","enabled":false},"version":2}},"categories":[3],"tags":[],"class_list":["post-4766","post","type-post","status-publish","format-standard","has-post-thumbnail","hentry","category-brasil"],"jetpack_publicize_connections":[],"jetpack_featured_media_url":"https:\/\/i0.wp.com\/oexpressobr.com.br\/wp-content\/uploads\/2026\/02\/IMG-20260226-WA0615.jpg?fit=800%2C1000&ssl=1","jetpack_likes_enabled":true,"jetpack_sharing_enabled":true,"_links":{"self":[{"href":"https:\/\/oexpressobr.com.br\/index.php?rest_route=\/wp\/v2\/posts\/4766","targetHints":{"allow":["GET"]}}],"collection":[{"href":"https:\/\/oexpressobr.com.br\/index.php?rest_route=\/wp\/v2\/posts"}],"about":[{"href":"https:\/\/oexpressobr.com.br\/index.php?rest_route=\/wp\/v2\/types\/post"}],"author":[{"embeddable":true,"href":"https:\/\/oexpressobr.com.br\/index.php?rest_route=\/wp\/v2\/users\/1"}],"replies":[{"embeddable":true,"href":"https:\/\/oexpressobr.com.br\/index.php?rest_route=%2Fwp%2Fv2%2Fcomments&post=4766"}],"version-history":[{"count":1,"href":"https:\/\/oexpressobr.com.br\/index.php?rest_route=\/wp\/v2\/posts\/4766\/revisions"}],"predecessor-version":[{"id":4768,"href":"https:\/\/oexpressobr.com.br\/index.php?rest_route=\/wp\/v2\/posts\/4766\/revisions\/4768"}],"wp:featuredmedia":[{"embeddable":true,"href":"https:\/\/oexpressobr.com.br\/index.php?rest_route=\/wp\/v2\/media\/4767"}],"wp:attachment":[{"href":"https:\/\/oexpressobr.com.br\/index.php?rest_route=%2Fwp%2Fv2%2Fmedia&parent=4766"}],"wp:term":[{"taxonomy":"category","embeddable":true,"href":"https:\/\/oexpressobr.com.br\/index.php?rest_route=%2Fwp%2Fv2%2Fcategories&post=4766"},{"taxonomy":"post_tag","embeddable":true,"href":"https:\/\/oexpressobr.com.br\/index.php?rest_route=%2Fwp%2Fv2%2Ftags&post=4766"}],"curies":[{"name":"wp","href":"https:\/\/api.w.org\/{rel}","templated":true}]}}