{"id":4769,"date":"2026-02-26T20:38:45","date_gmt":"2026-02-26T23:38:45","guid":{"rendered":"https:\/\/oexpressobr.com.br\/?p=4769"},"modified":"2026-02-26T20:38:50","modified_gmt":"2026-02-26T23:38:50","slug":"professor-jason-arday-desafia-estatisticas-ao-assumir-catedra-em-cambridge-apos-alfabetizacao-tardia","status":"publish","type":"post","link":"https:\/\/oexpressobr.com.br\/?p=4769","title":{"rendered":"PROFESSOR Jason Arday desafia estat\u00edsticas ao assumir c\u00e1tedra em Cambridge ap\u00f3s alfabetiza\u00e7\u00e3o tardia"},"content":{"rendered":"\n<p class=\"wp-block-paragraph\"><strong>LONDRES<\/strong> \u2013 A trajet\u00f3ria de Jason Arday \u00e9 o tipo de narrativa que desafia a l\u00f3gica das probabilidades. Diagnosticado na inf\u00e2ncia com autismo e atraso global do desenvolvimento, Arday viveu os primeiros anos de vida em um mundo de sil\u00eancio: ele s\u00f3 come\u00e7ou a falar aos 11 anos e foi alfabetizado apenas aos 18. Hoje, aos 37 anos, ele n\u00e3o apenas rompeu as barreiras da comunica\u00e7\u00e3o, mas alcan\u00e7ou o topo da academia mundial ao se tornar o professor negro mais jovem da hist\u00f3ria da Universidade de Cambridge.<\/p>\n\n\n\n<p class=\"wp-block-paragraph\">\u200bA nomea\u00e7\u00e3o de Arday como Professor de Sociologia da Educa\u00e7\u00e3o marca um momento hist\u00f3rico para a institui\u00e7\u00e3o brit\u00e2nica. Ocupando um posto de prest\u00edgio em uma das universidades mais antigas do mundo, o soci\u00f3logo agora utiliza sua posi\u00e7\u00e3o para liderar discuss\u00f5es sobre democratiza\u00e7\u00e3o do ensino superior e inclus\u00e3o de minorias.<\/p>\n\n\n\n<h3 class=\"wp-block-heading\">\u200bDo sil\u00eancio ao topo da academia<\/h3>\n\n\n\n<p class=\"wp-block-paragraph\">\u200bNascido e criado em Clapham, no sudoeste de Londres, Jason Arday contou com o apoio incans\u00e1vel de sua m\u00e3e, que utilizava m\u00fasica e artes para ajud\u00e1-lo a desenvolver a linguagem. Mesmo quando especialistas sugeriam que ele precisaria de suporte para o resto da vida, Jason mantinha uma curiosidade latente sobre o mundo.<\/p>\n\n\n\n<p class=\"wp-block-paragraph\">\u200bAos 27 anos, ele escreveu uma meta audaciosa na parede do quarto de seus pais: <em>&#8220;Um dia, trabalharei em Oxford ou Cambridge&#8221;<\/em>. Na \u00e9poca, ele trabalhava como professor de Educa\u00e7\u00e3o F\u00edsica durante o dia e passava as noites estudando sociologia e redigindo artigos acad\u00eamicos por conta pr\u00f3pria, enfrentando diversas rejei\u00e7\u00f5es antes de conseguir suas primeiras publica\u00e7\u00f5es.<\/p>\n\n\n\n<h3 class=\"wp-block-heading\">\u200bNovidades e impacto atual<\/h3>\n\n\n\n<p class=\"wp-block-paragraph\">\u200bDesde sua posse em mar\u00e7o de 2023, Arday n\u00e3o parou de expandir sua influ\u00eancia. Dados recentes e atualiza\u00e7\u00f5es de sua carreira mostram que ele se tornou uma figura central no Reino Unido:<\/p>\n\n\n\n<ul class=\"wp-block-list\">\n<li>\u200b<strong>Projetos de Pesquisa em 2024\/2025:<\/strong> Atualmente, Arday est\u00e1 envolvido em estudos de larga escala financiados pelo UKRI (Conselho de Pesquisa e Inova\u00e7\u00e3o do Reino Unido) e pelo NIHR, focados em como a neurodiversidade e a ra\u00e7a impactam a sa\u00fade mental de jovens e o acesso ao ensino superior.<\/li>\n\n\n\n<li>\u200b<strong>Novos T\u00edtulos e Parcerias:<\/strong> Recentemente, ele foi nomeado patrono da organiza\u00e7\u00e3o <em>Get Further<\/em>, que ajuda estudantes de contextos desfavorecidos a obter qualifica\u00e7\u00f5es essenciais em ingl\u00eas e matem\u00e1tica. Ele tamb\u00e9m atua como Professor Visitante na Ohio State University e na Universidade de Glasgow.<\/li>\n\n\n\n<li>\u200b<strong>Voz Ativa contra o Racismo Estrutural:<\/strong> Em suas palestras mais recentes, como a realizada na confer\u00eancia <em>Bett 2024<\/em>, Arday defendeu o papel da tecnologia na democratiza\u00e7\u00e3o do ensino e refor\u00e7ou que o sucesso acad\u00eamico n\u00e3o deve ser determinado pelo local de nascimento ou por diagn\u00f3sticos precoces.<\/li>\n<\/ul>\n\n\n\n<h3 class=\"wp-block-heading\">\u200bUm s\u00edmbolo de representatividade<\/h3>\n\n\n\n<p class=\"wp-block-paragraph\">\u200bA entrada de Jason Arday em Cambridge \u00e9 estatisticamente significativa. No Reino Unido, dos mais de 23 mil professores universit\u00e1rios, apenas cerca de 160 s\u00e3o negros.<\/p>\n\n\n\n<p class=\"wp-block-paragraph\">\u200b&#8221;Meu objetivo \u00e9 inspirar outras pessoas de origens sub-representadas a acreditar que o ensino superior \u00e9 um lugar para elas&#8221;, afirmou o professor em entrevistas recentes. Ele ressalta que, embora sua trajet\u00f3ria seja vista como excepcional, ela deve servir de prova de que, com o suporte adequado e a quebra de barreiras sist\u00eamicas, o potencial humano n\u00e3o conhece limites.<\/p>\n\n\n\n<p class=\"wp-block-paragraph\">\u200bHoje, al\u00e9m de suas fun\u00e7\u00f5es docentes, Arday \u00e9 Membro Professoral no Jesus College, em Cambridge, onde continua a escrever a hist\u00f3ria de supera\u00e7\u00e3o que come\u00e7ou com um giz na m\u00e3o aos 18 anos e o sonho de mudar o mundo atrav\u00e9s da educa\u00e7\u00e3o.<\/p>\n","protected":false},"excerpt":{"rendered":"<p>LONDRES \u2013 A trajet\u00f3ria de Jason Arday \u00e9 o tipo de narrativa que desafia a l\u00f3gica das probabilidades. Diagnosticado na inf\u00e2ncia com autismo e atraso [&#8230;]<\/p>\n","protected":false},"author":1,"featured_media":4770,"comment_status":"open","ping_status":"open","sticky":false,"template":"","format":"standard","meta":{"_crdt_document":"","_jetpack_memberships_contains_paid_content":false,"footnotes":"","jetpack_publicize_message":"","jetpack_publicize_feature_enabled":true,"jetpack_social_post_already_shared":true,"jetpack_social_options":{"image_generator_settings":{"template":"highway","default_image_id":0,"font":"","enabled":false},"version":2}},"categories":[15],"tags":[],"class_list":["post-4769","post","type-post","status-publish","format-standard","has-post-thumbnail","hentry","category-internacional"],"jetpack_publicize_connections":[],"jetpack_featured_media_url":"https:\/\/i0.wp.com\/oexpressobr.com.br\/wp-content\/uploads\/2026\/02\/IMG-20260226-WA0619.jpg?fit=1080%2C1080&ssl=1","jetpack_likes_enabled":true,"jetpack_sharing_enabled":true,"_links":{"self":[{"href":"https:\/\/oexpressobr.com.br\/index.php?rest_route=\/wp\/v2\/posts\/4769","targetHints":{"allow":["GET"]}}],"collection":[{"href":"https:\/\/oexpressobr.com.br\/index.php?rest_route=\/wp\/v2\/posts"}],"about":[{"href":"https:\/\/oexpressobr.com.br\/index.php?rest_route=\/wp\/v2\/types\/post"}],"author":[{"embeddable":true,"href":"https:\/\/oexpressobr.com.br\/index.php?rest_route=\/wp\/v2\/users\/1"}],"replies":[{"embeddable":true,"href":"https:\/\/oexpressobr.com.br\/index.php?rest_route=%2Fwp%2Fv2%2Fcomments&post=4769"}],"version-history":[{"count":1,"href":"https:\/\/oexpressobr.com.br\/index.php?rest_route=\/wp\/v2\/posts\/4769\/revisions"}],"predecessor-version":[{"id":4771,"href":"https:\/\/oexpressobr.com.br\/index.php?rest_route=\/wp\/v2\/posts\/4769\/revisions\/4771"}],"wp:featuredmedia":[{"embeddable":true,"href":"https:\/\/oexpressobr.com.br\/index.php?rest_route=\/wp\/v2\/media\/4770"}],"wp:attachment":[{"href":"https:\/\/oexpressobr.com.br\/index.php?rest_route=%2Fwp%2Fv2%2Fmedia&parent=4769"}],"wp:term":[{"taxonomy":"category","embeddable":true,"href":"https:\/\/oexpressobr.com.br\/index.php?rest_route=%2Fwp%2Fv2%2Fcategories&post=4769"},{"taxonomy":"post_tag","embeddable":true,"href":"https:\/\/oexpressobr.com.br\/index.php?rest_route=%2Fwp%2Fv2%2Ftags&post=4769"}],"curies":[{"name":"wp","href":"https:\/\/api.w.org\/{rel}","templated":true}]}}