{"id":4778,"date":"2026-02-26T20:57:14","date_gmt":"2026-02-26T23:57:14","guid":{"rendered":"https:\/\/oexpressobr.com.br\/?p=4778"},"modified":"2026-02-26T20:57:19","modified_gmt":"2026-02-26T23:57:19","slug":"andre-mendonca-autoriza-quebra-de-sigilos-de-lulinha-a-pedido-da-policia-federal","status":"publish","type":"post","link":"https:\/\/oexpressobr.com.br\/?p=4778","title":{"rendered":"ANDR\u00c9 Mendon\u00e7a autoriza quebra de sigilos de Lulinha a pedido da Pol\u00edcia Federal"},"content":{"rendered":"\n<p class=\"wp-block-paragraph\">\u200bO ministro do Supremo Tribunal Federal (STF), <strong>Andr\u00e9 Mendon\u00e7a<\/strong>, autorizou a quebra dos sigilos banc\u00e1rio e fiscal de <strong>F\u00e1bio Lu\u00eds Lula da Silva<\/strong>, conhecido como Lulinha. A decis\u00e3o, tomada no \u00e2mbito de investiga\u00e7\u00f5es conduzidas pela <strong>Pol\u00edcia Federal (PF)<\/strong>, foca em supostas irregularidades e fraudes relacionadas ao <strong>INSS<\/strong> (Instituto Nacional do Seguro Social).<\/p>\n\n\n\n<p class=\"wp-block-paragraph\">\u200bA medida do magistrado ocorreu de forma sigilosa ainda em janeiro de 2026, mas os detalhes vieram \u00e0 tona nesta quinta-feira (26). A autoriza\u00e7\u00e3o de Mendon\u00e7a antecedeu a pr\u00f3pria vota\u00e7\u00e3o da <strong>CPMI do INSS<\/strong>, que tamb\u00e9m aprovou, em sess\u00e3o tumultuada hoje, a quebra dos sigilos do empres\u00e1rio e filho do presidente.<\/p>\n\n\n\n<h3 class=\"wp-block-heading\">\u200bDetalhes da investiga\u00e7\u00e3o e o &#8220;Careca do INSS&#8221;<\/h3>\n\n\n\n<p class=\"wp-block-paragraph\">\u200bA investiga\u00e7\u00e3o da PF, batizada de <strong>Opera\u00e7\u00e3o Sem Desconto<\/strong>, apura um esquema bilion\u00e1rio de desvios e descontos indevidos em benef\u00edcios previdenci\u00e1rios. Lulinha entrou no radar dos investigadores ap\u00f3s ser citado em depoimentos e mensagens interceptadas que o vinculariam a <strong>Ant\u00f4nio Carlos Camilo Antunes<\/strong>, o &#8220;Careca do INSS&#8221;, principal alvo do esquema.<\/p>\n\n\n\n<ul class=\"wp-block-list\">\n<li>\u200b<strong>A suspeita:<\/strong> Mensagens indicariam que Lulinha poderia ter atuado como &#8220;s\u00f3cio oculto&#8221; ou facilitador de interesses do grupo criminoso.<\/li>\n\n\n\n<li>\u200b<strong>A &#8220;Mesada&#8221;:<\/strong> Relat\u00f3rios preliminares mencionam ind\u00edcios de repasses que somariam <strong>R$ 300 mil<\/strong>, o que motivou o pedido da PF para analisar a movimenta\u00e7\u00e3o financeira real dos envolvidos.<\/li>\n<\/ul>\n\n\n\n<h3 class=\"wp-block-heading\">\u200bRea\u00e7\u00e3o pol\u00edtica e embate na CPMI<\/h3>\n\n\n\n<p class=\"wp-block-paragraph\">\u200bNo Congresso, a not\u00edcia da quebra de sigilo por Andr\u00e9 Mendon\u00e7a caiu como uma bomba. A oposi\u00e7\u00e3o celebrou a decis\u00e3o como uma valida\u00e7\u00e3o dos trabalhos da CPMI. Por outro lado, parlamentares governistas tentaram obstruir a vota\u00e7\u00e3o dos requerimentos, o que resultou em discuss\u00f5es acaloradas e suspens\u00e3o tempor\u00e1ria da sess\u00e3o.<\/p>\n\n\n\n<blockquote class=\"wp-block-quote is-layout-flow wp-block-quote-is-layout-flow\">\n<p class=\"wp-block-paragraph\">\u200b&#8221;A decis\u00e3o judicial refor\u00e7a que h\u00e1 elementos t\u00e9cnicos para a investiga\u00e7\u00e3o, e n\u00e3o apenas persegui\u00e7\u00e3o pol\u00edtica&#8221;, afirmou o presidente da comiss\u00e3o, senador Carlos Viana (Podemos-MG).<\/p>\n<\/blockquote>\n\n\n\n<h3 class=\"wp-block-heading\">\u200bO que diz a defesa<\/h3>\n\n\n\n<p class=\"wp-block-paragraph\">\u200bA defesa de F\u00e1bio Lu\u00eds Lula da Silva tem mantido uma postura de nega\u00e7\u00e3o veemente de qualquer crime. Embora ainda n\u00e3o tenha se manifestado formalmente sobre o teor espec\u00edfico da decis\u00e3o de Mendon\u00e7a \u2014 alegando falta de acesso integral aos autos protegidos por segredo de justi\u00e7a \u2014, os advogados reiteram:<\/p>\n\n\n\n<ol class=\"wp-block-list\">\n<li>\u200b<strong>Inexist\u00eancia de provas:<\/strong> Afirmam que as cita\u00e7\u00f5es a Lulinha s\u00e3o baseadas em &#8220;fofocas e conjecturas&#8221; de terceiros.<\/li>\n\n\n\n<li>\u200b<strong>Disposi\u00e7\u00e3o para colaborar:<\/strong> A defesa protocolou recentemente um pedido ao STF para prestar esclarecimentos volunt\u00e1rios, desde que o acesso ao processo seja garantido.<\/li>\n\n\n\n<li>\u200b<strong>Uso pol\u00edtico:<\/strong> Os advogados sustentam que o nome de F\u00e1bio est\u00e1 sendo usado de forma oportunista para atingir a imagem do governo federal em ano eleitoral.<\/li>\n<\/ol>\n\n\n\n<p class=\"wp-block-paragraph\">\u200bO pr\u00f3prio presidente Lula j\u00e1 se manifestou publicamente sobre o caso, afirmando que &#8220;se houver erro, qualquer um pagar\u00e1 o pre\u00e7o&#8221;, mas refor\u00e7ando que confia na conduta do filho.<\/p>\n","protected":false},"excerpt":{"rendered":"<p>\u200bO ministro do Supremo Tribunal Federal (STF), Andr\u00e9 Mendon\u00e7a, autorizou a quebra dos sigilos banc\u00e1rio e fiscal de F\u00e1bio Lu\u00eds Lula da Silva, conhecido como [&#8230;]<\/p>\n","protected":false},"author":1,"featured_media":4779,"comment_status":"open","ping_status":"open","sticky":false,"template":"","format":"standard","meta":{"_crdt_document":"","_jetpack_memberships_contains_paid_content":false,"footnotes":"","jetpack_publicize_message":"","jetpack_publicize_feature_enabled":true,"jetpack_social_post_already_shared":true,"jetpack_social_options":{"image_generator_settings":{"template":"highway","default_image_id":0,"font":"","enabled":false},"version":2}},"categories":[8],"tags":[],"class_list":["post-4778","post","type-post","status-publish","format-standard","has-post-thumbnail","hentry","category-judiciario"],"jetpack_publicize_connections":[],"jetpack_featured_media_url":"https:\/\/i0.wp.com\/oexpressobr.com.br\/wp-content\/uploads\/2026\/02\/16661970666350264a385f5_1666197066_3x2_xl.jpg?fit=1200%2C800&ssl=1","jetpack_likes_enabled":true,"jetpack_sharing_enabled":true,"_links":{"self":[{"href":"https:\/\/oexpressobr.com.br\/index.php?rest_route=\/wp\/v2\/posts\/4778","targetHints":{"allow":["GET"]}}],"collection":[{"href":"https:\/\/oexpressobr.com.br\/index.php?rest_route=\/wp\/v2\/posts"}],"about":[{"href":"https:\/\/oexpressobr.com.br\/index.php?rest_route=\/wp\/v2\/types\/post"}],"author":[{"embeddable":true,"href":"https:\/\/oexpressobr.com.br\/index.php?rest_route=\/wp\/v2\/users\/1"}],"replies":[{"embeddable":true,"href":"https:\/\/oexpressobr.com.br\/index.php?rest_route=%2Fwp%2Fv2%2Fcomments&post=4778"}],"version-history":[{"count":1,"href":"https:\/\/oexpressobr.com.br\/index.php?rest_route=\/wp\/v2\/posts\/4778\/revisions"}],"predecessor-version":[{"id":4780,"href":"https:\/\/oexpressobr.com.br\/index.php?rest_route=\/wp\/v2\/posts\/4778\/revisions\/4780"}],"wp:featuredmedia":[{"embeddable":true,"href":"https:\/\/oexpressobr.com.br\/index.php?rest_route=\/wp\/v2\/media\/4779"}],"wp:attachment":[{"href":"https:\/\/oexpressobr.com.br\/index.php?rest_route=%2Fwp%2Fv2%2Fmedia&parent=4778"}],"wp:term":[{"taxonomy":"category","embeddable":true,"href":"https:\/\/oexpressobr.com.br\/index.php?rest_route=%2Fwp%2Fv2%2Fcategories&post=4778"},{"taxonomy":"post_tag","embeddable":true,"href":"https:\/\/oexpressobr.com.br\/index.php?rest_route=%2Fwp%2Fv2%2Ftags&post=4778"}],"curies":[{"name":"wp","href":"https:\/\/api.w.org\/{rel}","templated":true}]}}