{"id":4787,"date":"2026-02-27T10:57:41","date_gmt":"2026-02-27T13:57:41","guid":{"rendered":"https:\/\/oexpressobr.com.br\/?p=4787"},"modified":"2026-02-27T10:57:48","modified_gmt":"2026-02-27T13:57:48","slug":"chuvas-fortes-deixam-64-mortos-e-milhares-de-desabrigados-em-juiz-de-fora-e-uba","status":"publish","type":"post","link":"https:\/\/oexpressobr.com.br\/?p=4787","title":{"rendered":"Chuvas fortes deixam 64 mortos e milhares de desabrigados em Juiz de Fora e Ub\u00e1"},"content":{"rendered":"\n<p class=\"wp-block-paragraph\">A Zona da Mata mineira enfrenta uma de suas maiores trag\u00e9dias clim\u00e1ticas da hist\u00f3ria recente. De acordo com o balan\u00e7o mais atualizado divulgado pelo Corpo de Bombeiros na manh\u00e3 desta sexta-feira (27), o n\u00famero de mortes confirmadas subiu para 64 em decorr\u00eancia dos temporais que assolam a regi\u00e3o desde o in\u00edcio da semana. As cidades de Juiz de Fora e Ub\u00e1 s\u00e3o as mais atingidas, concentrando o maior volume de danos humanos e materiais.<\/p>\n\n\n\n<p class=\"wp-block-paragraph\">\u200bEm Juiz de Fora, o cen\u00e1rio \u00e9 de calamidade p\u00fablica. At\u00e9 o momento, foram confirmados 58 \u00f3bitos no munic\u00edpio, e as equipes de resgate ainda buscam por tr\u00eas pessoas desaparecidas. A prefeitura informou que o volume de chuva em fevereiro j\u00e1 superou os 580 mil\u00edmetros, o maior \u00edndice hist\u00f3rico j\u00e1 registrado na cidade, representando mais de 240% acima da m\u00e9dia para o m\u00eas. Bairros como Paineiras, JK e Linhares foram duramente atingidos por deslizamentos de terra que soterraram dezenas de resid\u00eancias.<\/p>\n\n\n\n<p class=\"wp-block-paragraph\">\u200bJ\u00e1 em Ub\u00e1, o transbordamento do Rio Ub\u00e1 \u2014 que atingiu a marca hist\u00f3rica de quase oito metros \u2014 causou inunda\u00e7\u00f5es severas, deixando seis mortos e dois desaparecidos. Imagens da cidade mostram carros empilhados e at\u00e9 caix\u00f5es de uma funer\u00e1ria local sendo arrastados pela for\u00e7a das \u00e1guas.<\/p>\n\n\n\n<p class=\"wp-block-paragraph\">\u200b<strong>Principais dados do desastre (Atualizado em 27\/02\/2026):<\/strong><\/p>\n\n\n\n<ul class=\"wp-block-list\">\n<li>\u200b<strong>Total de mortos:<\/strong> 64 (58 em Juiz de Fora e 6 em Ub\u00e1).<\/li>\n\n\n\n<li>\u200b<strong>Desaparecidos:<\/strong> 5 pessoas (3 em Juiz de Fora e 2 em Ub\u00e1).<\/li>\n\n\n\n<li>\u200b<strong>Desabrigados e desalojados:<\/strong> Mais de 5,5 mil pessoas em toda a regi\u00e3o.<\/li>\n\n\n\n<li>\u200b<strong>Cidades em calamidade:<\/strong> Juiz de Fora, Ub\u00e1 e Matias Barbosa.<\/li>\n<\/ul>\n\n\n\n<h3 class=\"wp-block-heading\">\u200bMobiliza\u00e7\u00e3o e riscos persistentes<\/h3>\n\n\n\n<p class=\"wp-block-paragraph\">\u200bO Governo de Minas Gerais e o Governo Federal reconheceram o estado de calamidade, o que viabiliza a libera\u00e7\u00e3o imediata de recursos e do Fundo de Garantia do Tempo de Servi\u00e7o (FGTS) para os trabalhadores atingidos. Mais de 130 militares do Corpo de Bombeiros seguem mobilizados em diversas frentes de trabalho para localizar sobreviventes e estabilizar \u00e1reas de risco.<\/p>\n\n\n\n<p class=\"wp-block-paragraph\">\u200bO Instituto Nacional de Meteorologia (Inmet) mant\u00e9m o alerta de perigo para a regi\u00e3o. A previs\u00e3o indica que a instabilidade clim\u00e1tica deve continuar nas pr\u00f3ximas horas, com possibilidade de ventos intensos e novos acumulados de chuva, o que mant\u00e9m a Defesa Civil em alerta m\u00e1ximo devido ao solo j\u00e1 encharcado, aumentando a probabilidade de novos deslizamentos de encostas.<\/p>\n\n\n\n<p class=\"wp-block-paragraph\">\u200bInstitui\u00e7\u00f5es locais e prefeituras organizaram pontos de coleta para doa\u00e7\u00f5es de alimentos n\u00e3o perec\u00edveis, \u00e1gua pot\u00e1vel, itens de higiene e vestu\u00e1rio para as fam\u00edlias que perderam tudo. O acesso a alguns bairros permanece bloqueado por quedas de \u00e1rvores e entulhos, dificultando a chegada de ajuda humanit\u00e1ria em \u00e1reas isoladas.<\/p>\n","protected":false},"excerpt":{"rendered":"<p>A Zona da Mata mineira enfrenta uma de suas maiores trag\u00e9dias clim\u00e1ticas da hist\u00f3ria recente. De acordo com o balan\u00e7o mais atualizado divulgado pelo Corpo [&#8230;]<\/p>\n","protected":false},"author":1,"featured_media":4788,"comment_status":"open","ping_status":"open","sticky":false,"template":"","format":"standard","meta":{"_crdt_document":"","_jetpack_memberships_contains_paid_content":false,"footnotes":"","jetpack_publicize_message":"","jetpack_publicize_feature_enabled":true,"jetpack_social_post_already_shared":true,"jetpack_social_options":{"image_generator_settings":{"template":"highway","default_image_id":0,"font":"","enabled":false},"version":2}},"categories":[3],"tags":[],"class_list":["post-4787","post","type-post","status-publish","format-standard","has-post-thumbnail","hentry","category-brasil"],"jetpack_publicize_connections":[],"jetpack_featured_media_url":"https:\/\/i0.wp.com\/oexpressobr.com.br\/wp-content\/uploads\/2026\/02\/toms4170.webp?fit=1170%2C700&ssl=1","jetpack_likes_enabled":true,"jetpack_sharing_enabled":true,"_links":{"self":[{"href":"https:\/\/oexpressobr.com.br\/index.php?rest_route=\/wp\/v2\/posts\/4787","targetHints":{"allow":["GET"]}}],"collection":[{"href":"https:\/\/oexpressobr.com.br\/index.php?rest_route=\/wp\/v2\/posts"}],"about":[{"href":"https:\/\/oexpressobr.com.br\/index.php?rest_route=\/wp\/v2\/types\/post"}],"author":[{"embeddable":true,"href":"https:\/\/oexpressobr.com.br\/index.php?rest_route=\/wp\/v2\/users\/1"}],"replies":[{"embeddable":true,"href":"https:\/\/oexpressobr.com.br\/index.php?rest_route=%2Fwp%2Fv2%2Fcomments&post=4787"}],"version-history":[{"count":1,"href":"https:\/\/oexpressobr.com.br\/index.php?rest_route=\/wp\/v2\/posts\/4787\/revisions"}],"predecessor-version":[{"id":4789,"href":"https:\/\/oexpressobr.com.br\/index.php?rest_route=\/wp\/v2\/posts\/4787\/revisions\/4789"}],"wp:featuredmedia":[{"embeddable":true,"href":"https:\/\/oexpressobr.com.br\/index.php?rest_route=\/wp\/v2\/media\/4788"}],"wp:attachment":[{"href":"https:\/\/oexpressobr.com.br\/index.php?rest_route=%2Fwp%2Fv2%2Fmedia&parent=4787"}],"wp:term":[{"taxonomy":"category","embeddable":true,"href":"https:\/\/oexpressobr.com.br\/index.php?rest_route=%2Fwp%2Fv2%2Fcategories&post=4787"},{"taxonomy":"post_tag","embeddable":true,"href":"https:\/\/oexpressobr.com.br\/index.php?rest_route=%2Fwp%2Fv2%2Ftags&post=4787"}],"curies":[{"name":"wp","href":"https:\/\/api.w.org\/{rel}","templated":true}]}}