{"id":479,"date":"2025-12-09T09:21:48","date_gmt":"2025-12-09T12:21:48","guid":{"rendered":"https:\/\/oexpressobr.com.br\/?p=479"},"modified":"2025-12-09T09:21:50","modified_gmt":"2025-12-09T12:21:50","slug":"ricardo-barros-veta-sergio-moro-e-tensiona-a-uniao-progressista","status":"publish","type":"post","link":"https:\/\/oexpressobr.com.br\/?p=479","title":{"rendered":"Ricardo Barros veta Sergio Moro e tensiona a Uni\u00e3o Progressista"},"content":{"rendered":"\n<p class=\"wp-block-paragraph\"><strong>Progressistas do Paran\u00e1, sob lideran\u00e7a de Ricardo Barros, barra poss\u00edvel candidatura de Sergio Moro ao governo do estado, gerando forte mal-estar na federa\u00e7\u00e3o rec\u00e9m-formada com o Uni\u00e3o Brasil.<\/strong><\/p>\n\n\n\n<p class=\"wp-block-paragraph\">\u200bA pol\u00edtica paranaense e nacional foi agitada nas \u00faltimas horas por uma decis\u00e3o que exp\u00f5e as rachaduras internas na rec\u00e9m-criada federa\u00e7\u00e3o Uni\u00e3o Progressista (PP e Uni\u00e3o Brasil). O deputado federal e l\u00edder dos Progressistas no Paran\u00e1, <strong>Ricardo Barros<\/strong>, confirmou o <strong>veto<\/strong> \u00e0 poss\u00edvel candidatura do senador <strong>Sergio Moro<\/strong> (Uni\u00e3o Brasil) ao governo do estado nas elei\u00e7\u00f5es de 2026. A medida, que inviabiliza Moro pela via da federa\u00e7\u00e3o, criou um impasse de grandes propor\u00e7\u00f5es e levantou questionamentos sobre o futuro da alian\u00e7a.<\/p>\n\n\n\n<h3 class=\"wp-block-heading\">\u200b Porta fechada no PP<\/h3>\n\n\n\n<p class=\"wp-block-paragraph\">\u200bDe acordo com o deputado Ricardo Barros, a decis\u00e3o se baseia na falta de consenso e no di\u00e1logo que &#8220;n\u00e3o prosperou&#8221; entre Moro e as lideran\u00e7as do PP no estado, mesmo ap\u00f3s meses de tentativas. O Progressistas do Paran\u00e1 faz parte da base do atual governador, Ratinho Junior (PSD), e manifestou a inten\u00e7\u00e3o de lan\u00e7ar um candidato pr\u00f3prio, ou apoiar um nome de dentro do grupo do governador, possivelmente Cida Borghetti (Progressistas), que j\u00e1 \u00e9 vista como poss\u00edvel candidata pela sigla.<\/p>\n\n\n\n<p class=\"wp-block-paragraph\">\u200bBarros foi enf\u00e1tico ao declarar que, pelo fato de Moro estar no meio de seu mandato como senador, ele provavelmente disputar\u00e1 o governo de qualquer maneira, mas ter\u00e1 de faz\u00ea-lo por outra sigla. &#8220;Aqui, na federa\u00e7\u00e3o, ele n\u00e3o ter\u00e1 condi\u00e7\u00f5es de registrar sua candidatura,&#8221; refor\u00e7ou.<\/p>\n\n\n\n<p class=\"wp-block-paragraph\">\u200bA regra da federa\u00e7\u00e3o exige a concord\u00e2ncia das lideran\u00e7as nacionais para o registro de candidaturas majorit\u00e1rias, um ponto citado pelo presidente nacional do PP, <strong>Ciro Nogueira<\/strong>, que, apesar de endossar a decis\u00e3o do diret\u00f3rio paranaense, afirmou que a situa\u00e7\u00e3o \u00e9 o &#8220;\u00fanico ponto de conflito&#8221; na alian\u00e7a e que n\u00e3o interferir\u00e1.<\/p>\n\n\n\n<h3 class=\"wp-block-heading\">\u200bUni\u00e3o Brasil reage<\/h3>\n\n\n\n<p class=\"wp-block-paragraph\">\u200bDo outro lado do espectro, a decis\u00e3o gerou uma rea\u00e7\u00e3o imediata e forte dentro do Uni\u00e3o Brasil, partido de Moro. O presidente do partido, <strong>Ant\u00f4nio Rueda<\/strong>, classificou o veto como <strong>&#8220;arbitr\u00e1rio&#8221;<\/strong> e <strong>&#8220;inaceit\u00e1vel&#8221;<\/strong>, expondo a falta de alinhamento entre as legendas.<\/p>\n\n\n\n<p class=\"wp-block-paragraph\">\u200bEm resposta, o diret\u00f3rio do Uni\u00e3o Brasil no Paran\u00e1 afirmou que segue com a sua candidatura, autorizada pelo presidente nacional, e com o di\u00e1logo com os Progressistas. O pr\u00f3prio senador Sergio Moro, em uma manifesta\u00e7\u00e3o p\u00fablica, declarou: &#8220;O Uni\u00e3o Brasil Paran\u00e1 segue, como autorizado pelo presidente nacional, com a sua candidatura e com o di\u00e1logo com os Progressistas. Nosso compromisso \u00e9 com a boa gente do Paran\u00e1 e n\u00e3o com interesses particulares. Nossos \u00fanicos advers\u00e1rios s\u00e3o o PT, o atraso e o crime organizado&#8221;.<\/p>\n\n\n\n<h3 class=\"wp-block-heading\">\u200b O que est\u00e1 em jogo<\/h3>\n\n\n\n<p class=\"wp-block-paragraph\">\u200bO embate no Paran\u00e1 amea\u00e7a a estabilidade da Uni\u00e3o Progressista, uma federa\u00e7\u00e3o de centro-direita que nasceu com o objetivo de criar uma &#8220;superbancada&#8221; e ter maior influ\u00eancia no Congresso e nas disputas estaduais, como em S\u00e3o Paulo, onde o acordo estaria mais s\u00f3lido.<\/p>\n\n\n\n<p class=\"wp-block-paragraph\">\u200bAnalistas apontam que a manuten\u00e7\u00e3o da federa\u00e7\u00e3o a n\u00edvel nacional depender\u00e1 da capacidade de as lideran\u00e7as superarem a crise localizada, o que, para Ciro Nogueira, deve ser feito &#8220;com muito di\u00e1logo, colocando os interesses nacionais acima de qualquer coisa&#8221;. A falta de consenso local, no entanto, coloca a federa\u00e7\u00e3o sob intensa press\u00e3o, for\u00e7ando Sergio Moro a buscar caminhos alternativos para sua eventual campanha ao governo em 2026, fora da atual alian\u00e7a.<\/p>\n","protected":false},"excerpt":{"rendered":"<p>Progressistas do Paran\u00e1, sob lideran\u00e7a de Ricardo Barros, barra poss\u00edvel candidatura de Sergio Moro ao governo do estado, gerando forte mal-estar na federa\u00e7\u00e3o rec\u00e9m-formada com [&#8230;]<\/p>\n","protected":false},"author":1,"featured_media":480,"comment_status":"open","ping_status":"open","sticky":false,"template":"","format":"standard","meta":{"_crdt_document":"","_jetpack_memberships_contains_paid_content":false,"footnotes":"","jetpack_publicize_message":"","jetpack_publicize_feature_enabled":true,"jetpack_social_post_already_shared":false,"jetpack_social_options":{"image_generator_settings":{"template":"highway","default_image_id":0,"font":"","enabled":false},"version":2}},"categories":[7],"tags":[],"class_list":["post-479","post","type-post","status-publish","format-standard","has-post-thumbnail","hentry","category-politica"],"jetpack_publicize_connections":[],"jetpack_featured_media_url":"https:\/\/i0.wp.com\/oexpressobr.com.br\/wp-content\/uploads\/2025\/12\/images4.jpg?fit=576%2C324&ssl=1","jetpack_likes_enabled":true,"jetpack_sharing_enabled":true,"_links":{"self":[{"href":"https:\/\/oexpressobr.com.br\/index.php?rest_route=\/wp\/v2\/posts\/479","targetHints":{"allow":["GET"]}}],"collection":[{"href":"https:\/\/oexpressobr.com.br\/index.php?rest_route=\/wp\/v2\/posts"}],"about":[{"href":"https:\/\/oexpressobr.com.br\/index.php?rest_route=\/wp\/v2\/types\/post"}],"author":[{"embeddable":true,"href":"https:\/\/oexpressobr.com.br\/index.php?rest_route=\/wp\/v2\/users\/1"}],"replies":[{"embeddable":true,"href":"https:\/\/oexpressobr.com.br\/index.php?rest_route=%2Fwp%2Fv2%2Fcomments&post=479"}],"version-history":[{"count":0,"href":"https:\/\/oexpressobr.com.br\/index.php?rest_route=\/wp\/v2\/posts\/479\/revisions"}],"wp:featuredmedia":[{"embeddable":true,"href":"https:\/\/oexpressobr.com.br\/index.php?rest_route=\/wp\/v2\/media\/480"}],"wp:attachment":[{"href":"https:\/\/oexpressobr.com.br\/index.php?rest_route=%2Fwp%2Fv2%2Fmedia&parent=479"}],"wp:term":[{"taxonomy":"category","embeddable":true,"href":"https:\/\/oexpressobr.com.br\/index.php?rest_route=%2Fwp%2Fv2%2Fcategories&post=479"},{"taxonomy":"post_tag","embeddable":true,"href":"https:\/\/oexpressobr.com.br\/index.php?rest_route=%2Fwp%2Fv2%2Ftags&post=479"}],"curies":[{"name":"wp","href":"https:\/\/api.w.org\/{rel}","templated":true}]}}