{"id":4790,"date":"2026-02-27T11:04:23","date_gmt":"2026-02-27T14:04:23","guid":{"rendered":"https:\/\/oexpressobr.com.br\/?p=4790"},"modified":"2026-02-27T11:04:27","modified_gmt":"2026-02-27T14:04:27","slug":"juizes-do-trabalho-recebem-r-1-bilhao-acima-do-teto-e-geram-embate-no-stf","status":"publish","type":"post","link":"https:\/\/oexpressobr.com.br\/?p=4790","title":{"rendered":"JU\u00cdZES DO TRABALHO recebem R$ 1 bilh\u00e3o acima do teto e geram embate no STF"},"content":{"rendered":"\n<p class=\"wp-block-paragraph\"><strong>Bras\u00edlia<\/strong> \u2013 O montante de pagamentos que superam o teto constitucional na Justi\u00e7a do Trabalho atingiu a marca de <strong>R$ 1 bilh\u00e3o em 2025<\/strong>, acirrando a crise institucional entre o Judici\u00e1rio e os \u00f3rg\u00e3os de controle. O valor, composto majoritariamente por verbas indenizat\u00f3rias e gratifica\u00e7\u00f5es retroativas, est\u00e1 no centro de um julgamento hist\u00f3rico no <strong>Supremo Tribunal Federal (STF)<\/strong>, onde ministros buscam frear a dissemina\u00e7\u00e3o dos chamados &#8220;penduricalhos&#8221;.<\/p>\n\n\n\n<p class=\"wp-block-paragraph\">\u200bA controv\u00e9rsia ganhou novos contornos nesta semana ap\u00f3s a sustenta\u00e7\u00e3o oral da ju\u00edza do Trabalho aposentada <strong>Cl\u00e1udia M\u00e1rcia de Carvalho Soares<\/strong>, presidente da <strong>Associa\u00e7\u00e3o Brasileira de Magistrados do Trabalho (ABMT)<\/strong>. Em sua fala aos ministros, a magistrada recha\u00e7ou o uso do termo &#8220;penduricalhos&#8221; e apresentou uma vis\u00e3o de precariedade na carreira que repercutiu negativamente nos bastidores da Corte e nas redes sociais.<\/p>\n\n\n\n<blockquote class=\"wp-block-quote is-layout-flow wp-block-quote-is-layout-flow\">\n<p class=\"wp-block-paragraph\">\u200b&#8221;Juiz de primeiro grau n\u00e3o tem carro, paga do seu pr\u00f3prio bolso o combust\u00edvel, o carro financiado. N\u00e3o tem apartamento funcional, n\u00e3o tem plano de sa\u00fade, n\u00e3o tem refeit\u00f3rio&#8230; Desembargador tamb\u00e9m tem quase nada, a n\u00e3o ser um carro, mal tem um lanche&#8221;, afirmou a magistrada.<\/p>\n<\/blockquote>\n\n\n\n<p class=\"wp-block-paragraph\">\u200bO contraste dos n\u00fameros<\/p>\n\n\n\n<p class=\"wp-block-paragraph\">\u200bApesar do relato de car\u00eancia, dados p\u00fablicos do <strong>Painel de Remunera\u00e7\u00e3o do Conselho Nacional de Justi\u00e7a (CNJ)<\/strong> revelam que a pr\u00f3pria magistrada recebeu <strong>R$ 709 mil l\u00edquidos<\/strong> ao longo de 2025. Somente em dezembro passado, seu contracheque registrou cerca de <strong>R$ 128 mil<\/strong>, valor muito superior ao teto constitucional de <strong>R$ 46,3 mil<\/strong>.<\/p>\n\n\n\n<p class=\"wp-block-paragraph\">\u200bO fen\u00f4meno n\u00e3o \u00e9 isolado. Um levantamento indica que os gastos com supersal\u00e1rios no Brasil custam aproximadamente <strong>R$ 20 bilh\u00f5es anuais<\/strong> aos cofres p\u00fablicos, sendo que quase <strong>50% desse montante<\/strong> \u00e9 destinado \u00e0 magistratura.<\/p>\n\n\n\n<p class=\"wp-block-paragraph\">Decis\u00e3o no Supremo<\/p>\n\n\n\n<p class=\"wp-block-paragraph\">\u200bO julgamento no STF analisa liminares dos ministros <strong>Fl\u00e1vio Dino<\/strong> e <strong>Gilmar Mendes<\/strong>, que suspenderam pagamentos de verbas indenizat\u00f3rias sem amparo legal id\u00f4neo. Dino argumentou que o teto hoje &#8220;s\u00f3 \u00e9 observado no STF e em meia d\u00fazia de \u00f3rg\u00e3os&#8221;, enquanto Gilmar Mendes enfatizou que a autonomia administrativa dos tribunais &#8220;n\u00e3o significa balb\u00fardia nem soberania financeira&#8221;.<\/p>\n\n\n\n<p class=\"wp-block-paragraph\">\u200bO presidente da Corte, ministro <strong>Edson Fachin<\/strong>, classificou a quest\u00e3o como &#8220;tormentosa&#8221; e defendeu uma resposta c\u00e9lere para evitar a &#8220;multiplica\u00e7\u00e3o an\u00f4mala&#8221; de benef\u00edcios que ferem o princ\u00edpio da moralidade p\u00fablica.<\/p>\n\n\n\n<h3 class=\"wp-block-heading\">\u200bOUTRO LADO<\/h3>\n\n\n\n<p class=\"wp-block-paragraph\">\u200bA <strong>Associa\u00e7\u00e3o Brasileira de Magistrados do Trabalho (ABMT)<\/strong> n\u00e3o respondeu aos pedidos de coment\u00e1rio sobre os valores espec\u00edficos recebidos por sua presid\u00eancia at\u00e9 o fechamento desta edi\u00e7\u00e3o.<\/p>\n\n\n\n<p class=\"wp-block-paragraph\">\u200bO <strong>Conselho Nacional de Justi\u00e7a (CNJ)<\/strong> informou que, embora monitore a transpar\u00eancia dos dados, os tribunais possuem autonomia administrativa e or\u00e7ament\u00e1ria para gerir suas folhas de pagamento, cabendo ao Judici\u00e1rio a palavra final sobre a legalidade de cada parcela.<\/p>\n","protected":false},"excerpt":{"rendered":"<p>Bras\u00edlia \u2013 O montante de pagamentos que superam o teto constitucional na Justi\u00e7a do Trabalho atingiu a marca de R$ 1 bilh\u00e3o em 2025, acirrando [&#8230;]<\/p>\n","protected":false},"author":1,"featured_media":4791,"comment_status":"open","ping_status":"open","sticky":false,"template":"","format":"standard","meta":{"_crdt_document":"","_jetpack_memberships_contains_paid_content":false,"footnotes":"","jetpack_publicize_message":"","jetpack_publicize_feature_enabled":true,"jetpack_social_post_already_shared":true,"jetpack_social_options":{"image_generator_settings":{"template":"highway","default_image_id":0,"font":"","enabled":false},"version":2}},"categories":[8],"tags":[],"class_list":["post-4790","post","type-post","status-publish","format-standard","has-post-thumbnail","hentry","category-judiciario"],"jetpack_publicize_connections":[],"jetpack_featured_media_url":"https:\/\/i0.wp.com\/oexpressobr.com.br\/wp-content\/uploads\/2026\/02\/175581609268a7a09c7bc2b_1755816092_3x2_xl.jpg?fit=1200%2C800&ssl=1","jetpack_likes_enabled":true,"jetpack_sharing_enabled":true,"_links":{"self":[{"href":"https:\/\/oexpressobr.com.br\/index.php?rest_route=\/wp\/v2\/posts\/4790","targetHints":{"allow":["GET"]}}],"collection":[{"href":"https:\/\/oexpressobr.com.br\/index.php?rest_route=\/wp\/v2\/posts"}],"about":[{"href":"https:\/\/oexpressobr.com.br\/index.php?rest_route=\/wp\/v2\/types\/post"}],"author":[{"embeddable":true,"href":"https:\/\/oexpressobr.com.br\/index.php?rest_route=\/wp\/v2\/users\/1"}],"replies":[{"embeddable":true,"href":"https:\/\/oexpressobr.com.br\/index.php?rest_route=%2Fwp%2Fv2%2Fcomments&post=4790"}],"version-history":[{"count":1,"href":"https:\/\/oexpressobr.com.br\/index.php?rest_route=\/wp\/v2\/posts\/4790\/revisions"}],"predecessor-version":[{"id":4792,"href":"https:\/\/oexpressobr.com.br\/index.php?rest_route=\/wp\/v2\/posts\/4790\/revisions\/4792"}],"wp:featuredmedia":[{"embeddable":true,"href":"https:\/\/oexpressobr.com.br\/index.php?rest_route=\/wp\/v2\/media\/4791"}],"wp:attachment":[{"href":"https:\/\/oexpressobr.com.br\/index.php?rest_route=%2Fwp%2Fv2%2Fmedia&parent=4790"}],"wp:term":[{"taxonomy":"category","embeddable":true,"href":"https:\/\/oexpressobr.com.br\/index.php?rest_route=%2Fwp%2Fv2%2Fcategories&post=4790"},{"taxonomy":"post_tag","embeddable":true,"href":"https:\/\/oexpressobr.com.br\/index.php?rest_route=%2Fwp%2Fv2%2Ftags&post=4790"}],"curies":[{"name":"wp","href":"https:\/\/api.w.org\/{rel}","templated":true}]}}