{"id":4793,"date":"2026-02-27T11:10:36","date_gmt":"2026-02-27T14:10:36","guid":{"rendered":"https:\/\/oexpressobr.com.br\/?p=4793"},"modified":"2026-02-27T11:10:42","modified_gmt":"2026-02-27T14:10:42","slug":"governo-de-sp-e-metro-iniciam-testes-finais-da-linha-17-ouro-para-ligar-congonhas-a-malha-ferroviaria","status":"publish","type":"post","link":"https:\/\/oexpressobr.com.br\/?p=4793","title":{"rendered":"Governo de SP e Metr\u00f4 iniciam testes finais da Linha 17-Ouro para ligar Congonhas \u00e0 malha ferrovi\u00e1ria"},"content":{"rendered":"\n<p class=\"wp-block-paragraph\">Ap\u00f3s 12 anos de uma espera que se tornou s\u00edmbolo de atrasos em obras p\u00fablicas, o monotrilho da Linha 17-Ouro de S\u00e3o Paulo finalmente entrou em sua fase decisiva. Nesta semana de fevereiro de 2026, as composi\u00e7\u00f5es fabricadas pela BYD realizaram testes cruciais de movimenta\u00e7\u00e3o e sinaliza\u00e7\u00e3o, incluindo a in\u00e9dita chegada do trem \u00e0 esta\u00e7\u00e3o Aeroporto de Congonhas.<\/p>\n\n\n\n<p class=\"wp-block-paragraph\">\u200bO projeto, que deveria ter sido entregue para a Copa do Mundo de 2014, agora tem data marcada para o primeiro contato com o p\u00fablico: a gest\u00e3o Tarc\u00edsio de Freitas trabalha com a meta de iniciar a <strong>opera\u00e7\u00e3o assistida no dia 30 de mar\u00e7o<\/strong>.<\/p>\n\n\n\n<h3 class=\"wp-block-heading\">\u200bDetalhes da Opera\u00e7\u00e3o e Pr\u00f3ximos Passos<\/h3>\n\n\n\n<p class=\"wp-block-paragraph\">\u200bNesta fase inicial, o servi\u00e7o ser\u00e1 restrito. Segundo informa\u00e7\u00f5es do Metr\u00f4 e de empresas envolvidas, como a construtora Agis, o funcionamento ocorrer\u00e1 de segunda a sexta-feira, das 10h \u00e0s 15h. Esse hor\u00e1rio reduzido, fora dos per\u00edodos de pico, \u00e9 o padr\u00e3o de seguran\u00e7a para sistemas de &#8220;metr\u00f4 leve&#8221; (monotrilho) que utilizam tecnologia <em>driverless<\/em> (sem condutor).<\/p>\n\n\n\n<p class=\"wp-block-paragraph\">\u200bAt\u00e9 o momento, quatro das oito esta\u00e7\u00f5es da primeira fase j\u00e1 foram dadas como conclu\u00eddas pela construtora:<\/p>\n\n\n\n<ul class=\"wp-block-list\">\n<li>\u200b<strong>Vereador Jos\u00e9 Diniz<\/strong><\/li>\n\n\n\n<li>\u200b<strong>Campo Belo<\/strong> (conex\u00e3o com a Linha 5-Lil\u00e1s)<\/li>\n\n\n\n<li>\u200b<strong>Morumbi<\/strong> (conex\u00e3o com a Linha 9-Esmeralda)<\/li>\n\n\n\n<li>\u200b<strong>Aeroporto de Congonhas<\/strong><\/li>\n<\/ul>\n\n\n\n<h3 class=\"wp-block-heading\">\u200bImpacto na Mobilidade<\/h3>\n\n\n\n<p class=\"wp-block-paragraph\">\u200bA estimativa \u00e9 que, quando estiver em opera\u00e7\u00e3o plena \u2014 prevista para o terceiro trimestre de 2026 \u2014, a linha transporte cerca de 100 mil passageiros por dia. O ramal \u00e9 estrat\u00e9gico por conectar o aeroporto central de S\u00e3o Paulo diretamente aos eixos corporativos da Avenida Berrini e da Marginal Pinheiros, al\u00e9m de oferecer uma alternativa ao saturado tr\u00e2nsito da Avenida Washington Lu\u00eds e Roberto Marinho.<\/p>\n\n\n\n<p class=\"wp-block-paragraph\">\u200bRecentemente, testes realizados com energia das baterias dos pr\u00f3prios trens mostraram que o sistema possui autonomia para deslocamentos mesmo em situa\u00e7\u00f5es de falta de energia na rede externa, garantindo que nenhum passageiro fique &#8220;preso&#8221; entre as esta\u00e7\u00f5es elevadas.<\/p>\n\n\n\n<p class=\"wp-block-paragraph\">\u200bEmbora o cronograma tenha saltado de tr\u00eas para doze anos de dura\u00e7\u00e3o, o avan\u00e7o dos trens sobre as vigas da Zona Sul sinaliza o fim de uma das novelas de infraestrutura mais longas da capital paulista.<\/p>\n","protected":false},"excerpt":{"rendered":"<p>Ap\u00f3s 12 anos de uma espera que se tornou s\u00edmbolo de atrasos em obras p\u00fablicas, o monotrilho da Linha 17-Ouro de S\u00e3o Paulo finalmente entrou [&#8230;]<\/p>\n","protected":false},"author":1,"featured_media":4794,"comment_status":"open","ping_status":"open","sticky":false,"template":"","format":"standard","meta":{"_crdt_document":"","_jetpack_memberships_contains_paid_content":false,"footnotes":"","jetpack_publicize_message":"","jetpack_publicize_feature_enabled":true,"jetpack_social_post_already_shared":true,"jetpack_social_options":{"image_generator_settings":{"template":"highway","default_image_id":0,"font":"","enabled":false},"version":2}},"categories":[46],"tags":[],"class_list":["post-4793","post","type-post","status-publish","format-standard","has-post-thumbnail","hentry","category-cidades"],"jetpack_publicize_connections":[],"jetpack_featured_media_url":"https:\/\/i0.wp.com\/oexpressobr.com.br\/wp-content\/uploads\/2026\/02\/IMG-20260227-WA0112.png?fit=2250%2C1500&ssl=1","jetpack_likes_enabled":true,"jetpack_sharing_enabled":true,"_links":{"self":[{"href":"https:\/\/oexpressobr.com.br\/index.php?rest_route=\/wp\/v2\/posts\/4793","targetHints":{"allow":["GET"]}}],"collection":[{"href":"https:\/\/oexpressobr.com.br\/index.php?rest_route=\/wp\/v2\/posts"}],"about":[{"href":"https:\/\/oexpressobr.com.br\/index.php?rest_route=\/wp\/v2\/types\/post"}],"author":[{"embeddable":true,"href":"https:\/\/oexpressobr.com.br\/index.php?rest_route=\/wp\/v2\/users\/1"}],"replies":[{"embeddable":true,"href":"https:\/\/oexpressobr.com.br\/index.php?rest_route=%2Fwp%2Fv2%2Fcomments&post=4793"}],"version-history":[{"count":1,"href":"https:\/\/oexpressobr.com.br\/index.php?rest_route=\/wp\/v2\/posts\/4793\/revisions"}],"predecessor-version":[{"id":4795,"href":"https:\/\/oexpressobr.com.br\/index.php?rest_route=\/wp\/v2\/posts\/4793\/revisions\/4795"}],"wp:featuredmedia":[{"embeddable":true,"href":"https:\/\/oexpressobr.com.br\/index.php?rest_route=\/wp\/v2\/media\/4794"}],"wp:attachment":[{"href":"https:\/\/oexpressobr.com.br\/index.php?rest_route=%2Fwp%2Fv2%2Fmedia&parent=4793"}],"wp:term":[{"taxonomy":"category","embeddable":true,"href":"https:\/\/oexpressobr.com.br\/index.php?rest_route=%2Fwp%2Fv2%2Fcategories&post=4793"},{"taxonomy":"post_tag","embeddable":true,"href":"https:\/\/oexpressobr.com.br\/index.php?rest_route=%2Fwp%2Fv2%2Ftags&post=4793"}],"curies":[{"name":"wp","href":"https:\/\/api.w.org\/{rel}","templated":true}]}}