{"id":4796,"date":"2026-02-27T11:18:11","date_gmt":"2026-02-27T14:18:11","guid":{"rendered":"https:\/\/oexpressobr.com.br\/?p=4796"},"modified":"2026-02-27T11:18:15","modified_gmt":"2026-02-27T14:18:15","slug":"eduardo-werneck-stevens-e-namorada-enfrentam-as-consequencias-de-explosao-em-apartamento-em-foz-do-iguacu","status":"publish","type":"post","link":"https:\/\/oexpressobr.com.br\/?p=4796","title":{"rendered":"Eduardo Werneck Stevens e namorada enfrentam as consequ\u00eancias de explos\u00e3o em apartamento em Foz do Igua\u00e7u"},"content":{"rendered":"\n<p class=\"wp-block-paragraph\">A madrugada de quinta-feira (26) foi marcada por uma trag\u00e9dia no Condom\u00ednio Cris\u00e1lidas, no bairro Vila Yolanda, em Foz do Igua\u00e7u. O personal trainer e empres\u00e1rio Eduardo Werneck Stevens, de 31 anos, sofreu queimaduras em aproximadamente 80% do corpo ap\u00f3s uma forte explos\u00e3o seguida de inc\u00eandio em seu apartamento.<\/p>\n\n\n\n<p class=\"wp-block-paragraph\">\u200bDe acordo com relatos da namorada de Eduardo, que tamb\u00e9m estava no local, o casal cozinhava no momento do incidente. Ela havia acabado de se dirigir ao banheiro quando ouviu o estrondo. A for\u00e7a da explos\u00e3o foi tamanha que atingiu \u00e1reas comuns do pr\u00e9dio e resultou na interdi\u00e7\u00e3o do bloco pela Defesa Civil devido aos danos estruturais. A namorada sofreu ferimentos leves e recebeu atendimento m\u00e9dico.<\/p>\n\n\n\n<p class=\"wp-block-paragraph\">\u200b<strong>Estado de sa\u00fade e transfer\u00eancia<\/strong><\/p>\n\n\n\n<p class=\"wp-block-paragraph\">Eduardo permanece internado em estado grav\u00edssimo. Segundo o \u00faltimo boletim m\u00e9dico do Hospital Municipal Padre Germano Lauck, ele est\u00e1 sedado, intubado e respirando com o aux\u00edlio de aparelhos. O paciente passou por um procedimento de limpeza cir\u00fargica (debridamento) para reduzir riscos de infec\u00e7\u00e3o e recebe hidrata\u00e7\u00e3o intensiva para proteger os rins.<\/p>\n\n\n\n<p class=\"wp-block-paragraph\">\u200bDevido \u00e0 gravidade das les\u00f5es, que atingiram \u00f3rg\u00e3os internos al\u00e9m da pele, a transfer\u00eancia de Eduardo para o Hospital Universit\u00e1rio Evang\u00e9lico Mackenzie, em Curitiba, est\u00e1 programada para esta sexta-feira (27). A unidade \u00e9 refer\u00eancia estadual no tratamento de grandes queimados e o transporte ser\u00e1 realizado por UTI a\u00e9rea para garantir a estabilidade do paciente durante o trajeto.<\/p>\n\n\n\n<p class=\"wp-block-paragraph\">\u200b<strong>Investiga\u00e7\u00e3o e per\u00edcia<\/strong><\/p>\n\n\n\n<p class=\"wp-block-paragraph\">O Corpo de Bombeiros utilizou tr\u00eas caminh\u00f5es para controlar as chamas e evitar que o fogo se espalhasse para unidades vizinhas. Embora a per\u00edcia t\u00e9cnica ainda n\u00e3o tenha emitido o laudo oficial, as autoridades trabalham com as hip\u00f3teses de vazamento de g\u00e1s ou falha no uso do fog\u00e3o como causas prov\u00e1veis do acidente. Moradores de apartamentos pr\u00f3ximos foram autorizados a retirar pertences pessoais nesta sexta-feira, sob supervis\u00e3o.<\/p>\n","protected":false},"excerpt":{"rendered":"<p>A madrugada de quinta-feira (26) foi marcada por uma trag\u00e9dia no Condom\u00ednio Cris\u00e1lidas, no bairro Vila Yolanda, em Foz do Igua\u00e7u. O personal trainer e [&#8230;]<\/p>\n","protected":false},"author":1,"featured_media":4797,"comment_status":"open","ping_status":"open","sticky":false,"template":"","format":"standard","meta":{"_crdt_document":"","_jetpack_memberships_contains_paid_content":false,"footnotes":"","jetpack_publicize_message":"","jetpack_publicize_feature_enabled":true,"jetpack_social_post_already_shared":true,"jetpack_social_options":{"image_generator_settings":{"template":"highway","default_image_id":0,"font":"","enabled":false},"version":2}},"categories":[5],"tags":[],"class_list":["post-4796","post","type-post","status-publish","format-standard","has-post-thumbnail","hentry","category-parana"],"jetpack_publicize_connections":[],"jetpack_featured_media_url":"https:\/\/oexpressobr.com.br\/wp-content\/uploads\/2026\/02\/g1-pr-29-.avif","jetpack_likes_enabled":true,"jetpack_sharing_enabled":true,"_links":{"self":[{"href":"https:\/\/oexpressobr.com.br\/index.php?rest_route=\/wp\/v2\/posts\/4796","targetHints":{"allow":["GET"]}}],"collection":[{"href":"https:\/\/oexpressobr.com.br\/index.php?rest_route=\/wp\/v2\/posts"}],"about":[{"href":"https:\/\/oexpressobr.com.br\/index.php?rest_route=\/wp\/v2\/types\/post"}],"author":[{"embeddable":true,"href":"https:\/\/oexpressobr.com.br\/index.php?rest_route=\/wp\/v2\/users\/1"}],"replies":[{"embeddable":true,"href":"https:\/\/oexpressobr.com.br\/index.php?rest_route=%2Fwp%2Fv2%2Fcomments&post=4796"}],"version-history":[{"count":1,"href":"https:\/\/oexpressobr.com.br\/index.php?rest_route=\/wp\/v2\/posts\/4796\/revisions"}],"predecessor-version":[{"id":4798,"href":"https:\/\/oexpressobr.com.br\/index.php?rest_route=\/wp\/v2\/posts\/4796\/revisions\/4798"}],"wp:featuredmedia":[{"embeddable":true,"href":"https:\/\/oexpressobr.com.br\/index.php?rest_route=\/wp\/v2\/media\/4797"}],"wp:attachment":[{"href":"https:\/\/oexpressobr.com.br\/index.php?rest_route=%2Fwp%2Fv2%2Fmedia&parent=4796"}],"wp:term":[{"taxonomy":"category","embeddable":true,"href":"https:\/\/oexpressobr.com.br\/index.php?rest_route=%2Fwp%2Fv2%2Fcategories&post=4796"},{"taxonomy":"post_tag","embeddable":true,"href":"https:\/\/oexpressobr.com.br\/index.php?rest_route=%2Fwp%2Fv2%2Ftags&post=4796"}],"curies":[{"name":"wp","href":"https:\/\/api.w.org\/{rel}","templated":true}]}}