{"id":4805,"date":"2026-02-27T11:35:07","date_gmt":"2026-02-27T14:35:07","guid":{"rendered":"https:\/\/oexpressobr.com.br\/?p=4805"},"modified":"2026-02-27T11:35:11","modified_gmt":"2026-02-27T14:35:11","slug":"ivete-sangalo-recebe-alta-apos-desmaio-por-sincope-vasovagal-e-tranquiliza-fas","status":"publish","type":"post","link":"https:\/\/oexpressobr.com.br\/?p=4805","title":{"rendered":"Ivete Sangalo recebe alta ap\u00f3s desmaio por s\u00edncope vasovagal e tranquiliza f\u00e3s"},"content":{"rendered":"\n<p class=\"wp-block-paragraph\">A cantora <strong>Ivete Sangalo<\/strong> recebeu alta hospitalar nesta quinta-feira (26), ap\u00f3s um susto que mobilizou as redes sociais. A artista de 53 anos foi internada no <strong>Hospital Alian\u00e7a Star<\/strong>, em Salvador, na quarta-feira (25), ap\u00f3s sofrer um desmaio em sua resid\u00eancia que resultou em ferimentos e cortes no rosto.<\/p>\n\n\n\n<h3 class=\"wp-block-heading\">\u200bO incidente e o diagn\u00f3stico<\/h3>\n\n\n\n<p class=\"wp-block-paragraph\">\u200bSegundo relatos da pr\u00f3pria cantora em seus canais oficiais, o epis\u00f3dio foi desencadeado por um quadro de <strong>desidrata\u00e7\u00e3o severa<\/strong> provocada por uma &#8220;super diarreia&#8221; e fortes dores de cabe\u00e7a, possivelmente causadas por uma virose p\u00f3s-Carnaval.<\/p>\n\n\n\n<p class=\"wp-block-paragraph\">\u200bAo se levantar por volta das 7h da manh\u00e3 de quarta-feira, a queda brusca de press\u00e3o levou ao que os m\u00e9dicos diagnosticaram como <strong>s\u00edncope vasovagal<\/strong>. Ivete explicou que j\u00e1 possui uma predisposi\u00e7\u00e3o gen\u00e9tica para essa condi\u00e7\u00e3o, que ocorre quando o <strong>nervo vago<\/strong> (respons\u00e1vel por regular fun\u00e7\u00f5es como batimentos card\u00edacos e press\u00e3o arterial) reage excessivamente a gatilhos como dor ou desidrata\u00e7\u00e3o.<\/p>\n\n\n\n<blockquote class=\"wp-block-quote is-layout-flow wp-block-quote-is-layout-flow\">\n<p class=\"wp-block-paragraph\">\u200b&#8221;A minha press\u00e3o baixou e eu desmaiei, ca\u00ed no ch\u00e3o com tudo. Inclusive, tive um cortezinho aqui e outro aqui&#8221;, detalhou a artista, apontando para curativos no superc\u00edlio e na testa.<\/p>\n<\/blockquote>\n\n\n\n<h3 class=\"wp-block-heading\">\u200bRecupera\u00e7\u00e3o com bom humor<\/h3>\n\n\n\n<p class=\"wp-block-paragraph\">\u200bMesmo com as marcas da queda e um hematoma vis\u00edvel (o famoso &#8220;olho roxo&#8221;), a &#8220;Veveta&#8221; n\u00e3o perdeu o carisma. Em v\u00eddeo publicado para acalmar os f\u00e3s, ela brincou com a situa\u00e7\u00e3o est\u00e9tica dos ferimentos:<\/p>\n\n\n\n<ul class=\"wp-block-list\">\n<li>\u200b<strong>Nova &#8220;trend&#8221;:<\/strong> Ironizou estar lan\u00e7ando uma &#8220;nova linha de maquiagem&#8221; com tons degrad\u00ea de preto e vermelho.<\/li>\n\n\n\n<li>\u200b<strong>Estado de sa\u00fade:<\/strong> Refor\u00e7ou diversas vezes que est\u00e1 se sentindo &#8220;maravilhosa&#8221; e que o pior j\u00e1 passou.<\/li>\n<\/ul>\n\n\n\n<h3 class=\"wp-block-heading\">\u200bO que \u00e9 a s\u00edndrome vasovagal?<\/h3>\n\n\n\n<p class=\"wp-block-paragraph\">\u200bA condi\u00e7\u00e3o que afetou a cantora \u00e9 relativamente comum e geralmente n\u00e3o \u00e9 grave, mas exige aten\u00e7\u00e3o aos gatilhos. Ela ocorre quando h\u00e1 uma interrup\u00e7\u00e3o tempor\u00e1ria do fluxo sangu\u00edneo para o c\u00e9rebro.<\/p>\n\n\n\n<p class=\"wp-block-paragraph\">A assessoria da artista confirmou que ela seguir\u00e1 em repouso em casa para completar a recupera\u00e7\u00e3o da infec\u00e7\u00e3o gastrointestinal.<\/p>\n","protected":false},"excerpt":{"rendered":"<p>A cantora Ivete Sangalo recebeu alta hospitalar nesta quinta-feira (26), ap\u00f3s um susto que mobilizou as redes sociais. A artista de 53 anos foi internada [&#8230;]<\/p>\n","protected":false},"author":1,"featured_media":4806,"comment_status":"open","ping_status":"open","sticky":false,"template":"","format":"standard","meta":{"_crdt_document":"","_jetpack_memberships_contains_paid_content":false,"footnotes":"","jetpack_publicize_message":"","jetpack_publicize_feature_enabled":true,"jetpack_social_post_already_shared":true,"jetpack_social_options":{"image_generator_settings":{"template":"highway","default_image_id":0,"font":"","enabled":false},"version":2}},"categories":[14],"tags":[],"class_list":["post-4805","post","type-post","status-publish","format-standard","has-post-thumbnail","hentry","category-famosos"],"jetpack_publicize_connections":[],"jetpack_featured_media_url":"https:\/\/i0.wp.com\/oexpressobr.com.br\/wp-content\/uploads\/2026\/02\/IMG-20260227-WA0121.jpg?fit=1600%2C1002&ssl=1","jetpack_likes_enabled":true,"jetpack_sharing_enabled":true,"_links":{"self":[{"href":"https:\/\/oexpressobr.com.br\/index.php?rest_route=\/wp\/v2\/posts\/4805","targetHints":{"allow":["GET"]}}],"collection":[{"href":"https:\/\/oexpressobr.com.br\/index.php?rest_route=\/wp\/v2\/posts"}],"about":[{"href":"https:\/\/oexpressobr.com.br\/index.php?rest_route=\/wp\/v2\/types\/post"}],"author":[{"embeddable":true,"href":"https:\/\/oexpressobr.com.br\/index.php?rest_route=\/wp\/v2\/users\/1"}],"replies":[{"embeddable":true,"href":"https:\/\/oexpressobr.com.br\/index.php?rest_route=%2Fwp%2Fv2%2Fcomments&post=4805"}],"version-history":[{"count":1,"href":"https:\/\/oexpressobr.com.br\/index.php?rest_route=\/wp\/v2\/posts\/4805\/revisions"}],"predecessor-version":[{"id":4807,"href":"https:\/\/oexpressobr.com.br\/index.php?rest_route=\/wp\/v2\/posts\/4805\/revisions\/4807"}],"wp:featuredmedia":[{"embeddable":true,"href":"https:\/\/oexpressobr.com.br\/index.php?rest_route=\/wp\/v2\/media\/4806"}],"wp:attachment":[{"href":"https:\/\/oexpressobr.com.br\/index.php?rest_route=%2Fwp%2Fv2%2Fmedia&parent=4805"}],"wp:term":[{"taxonomy":"category","embeddable":true,"href":"https:\/\/oexpressobr.com.br\/index.php?rest_route=%2Fwp%2Fv2%2Fcategories&post=4805"},{"taxonomy":"post_tag","embeddable":true,"href":"https:\/\/oexpressobr.com.br\/index.php?rest_route=%2Fwp%2Fv2%2Ftags&post=4805"}],"curies":[{"name":"wp","href":"https:\/\/api.w.org\/{rel}","templated":true}]}}