{"id":4808,"date":"2026-02-27T11:41:21","date_gmt":"2026-02-27T14:41:21","guid":{"rendered":"https:\/\/oexpressobr.com.br\/?p=4808"},"modified":"2026-02-27T11:41:27","modified_gmt":"2026-02-27T14:41:27","slug":"juiz-de-fora-sob-alerta-quase-24-da-populacao-vive-em-areas-de-risco-e-tragedia-recente-mobiliza-defesa-civil-e-governo-federal","status":"publish","type":"post","link":"https:\/\/oexpressobr.com.br\/?p=4808","title":{"rendered":"Juiz de Fora sob alerta: quase 24% da popula\u00e7\u00e3o vive em \u00e1reas de risco e trag\u00e9dia recente mobiliza Defesa Civil e Governo Federal"},"content":{"rendered":"\n<p class=\"wp-block-paragraph\">\u200bA cidade de Juiz de Fora enfrenta um de seus momentos mais cr\u00edticos no planejamento urbano e na seguran\u00e7a p\u00fablica. Dados atualizados do Centro Nacional de Monitoramento e Alertas de Desastres Naturais (Cemaden) revelam que aproximadamente 128.946 pessoas \u2014 quase uma em cada quatro \u2014 vivem em \u00e1reas suscet\u00edveis a deslizamentos, enchentes e enxurradas. O munic\u00edpio ocupa agora a 9\u00aa posi\u00e7\u00e3o no ranking nacional de cidades com maior popula\u00e7\u00e3o exposta a riscos geo-hidrol\u00f3gicos.<\/p>\n\n\n\n<h3 class=\"wp-block-heading\">\u200bCen\u00e1rio de calamidade e recorde de chuvas<\/h3>\n\n\n\n<p class=\"wp-block-paragraph\">\u200bA situa\u00e7\u00e3o atingiu o \u00e1pice nesta \u00faltima semana de fevereiro de 2026. Juiz de Fora registrou o fevereiro mais chuvoso de sua hist\u00f3ria, com acumulados que superaram 590 mm em alguns pontos (como no bairro Marumbi), o que representa mais que o triplo da m\u00e9dia hist\u00f3rica para o m\u00eas.<\/p>\n\n\n\n<p class=\"wp-block-paragraph\">\u200bAs consequ\u00eancias foram devastadoras: a Defesa Civil e o Corpo de Bombeiros confirmaram, at\u00e9 esta sexta-feira (27), <strong>58 mortes<\/strong> apenas no munic\u00edpio, al\u00e9m de diversos desaparecidos. A cidade decretou estado de calamidade p\u00fablica ap\u00f3s registrar mais de mil ocorr\u00eancias em apenas tr\u00eas dias, concentradas principalmente nas regi\u00f5es Leste e Norte.<\/p>\n\n\n\n<h3 class=\"wp-block-heading\">\u200bO entrave dos investimentos<\/h3>\n\n\n\n<p class=\"wp-block-paragraph\">\u200bApesar do mapeamento pr\u00e9vio dos riscos, a execu\u00e7\u00e3o de obras preventivas tem enfrentado barreiras burocr\u00e1ticas. Informa\u00e7\u00f5es recentes apontam que um montante de <strong>R$ 21,6 milh\u00f5es<\/strong> do Novo PAC (Programa de Acelera\u00e7\u00e3o do Crescimento), destinado especificamente para conten\u00e7\u00e3o de encostas, est\u00e1 travado h\u00e1 quase um ano devido a pend\u00eancias documentais e ajustes t\u00e9cnicos solicitados pelo Governo Federal.<\/p>\n\n\n\n<p class=\"wp-block-paragraph\">\u200bA gest\u00e3o da prefeita Margarida Salom\u00e3o (PT) tem buscado liberar esses recursos para interven\u00e7\u00f5es em \u00e1reas cr\u00edticas identificadas pela Defesa Civil. Paralelamente, a prefeitura destacou que investiu cerca de R$ 22 milh\u00f5es em obras conclu\u00eddas entre 2023 e 2025 nos bairros Borboleta, Santa Luzia, Graja\u00fa e S\u00e3o Benedito, mas o volume extremo de chuva superou a capacidade das estruturas existentes.<\/p>\n\n\n\n<h3 class=\"wp-block-heading\">\u200bPrincipais pontos da crise:<\/h3>\n\n\n\n<ul class=\"wp-block-list\">\n<li>\u200b<strong>Envolvidos:<\/strong> Prefeitura de Juiz de Fora (PJF), Defesa Civil, Cemaden, Minist\u00e9rio das Cidades e Corpo de Bombeiros.<\/li>\n\n\n\n<li>\u200b<strong>Dados:<\/strong> 23,7% da popula\u00e7\u00e3o vive em \u00e1reas de risco; 99,78% dos riscos geol\u00f3gicos est\u00e3o ligados a deslizamentos em encostas.<\/li>\n\n\n\n<li>\u200b<strong>Trag\u00e9dia:<\/strong> 58 mortos confirmados em JF at\u00e9 27\/02\/2026; mais de 3.500 desabrigados ou desalojados na regi\u00e3o.<\/li>\n\n\n\n<li>\u200b<strong>Resposta:<\/strong> Plano de conting\u00eancia acionado com apoio de equipes de Minas Gerais, Rio de Janeiro e at\u00e9 especialistas de S\u00e3o Sebasti\u00e3o (SP).<\/li>\n<\/ul>\n\n\n\n<p class=\"wp-block-paragraph\">\u200bEspecialistas refor\u00e7am que a topografia da cidade, marcada por morros \u00edngremes e ocupa\u00e7\u00e3o hist\u00f3rica das margens do Rio Paraibuna, exige n\u00e3o apenas obras, mas uma revis\u00e3o profunda do Plano Diretor e uma pol\u00edtica habitacional que retire fam\u00edlias das zonas de perigo iminente. A previs\u00e3o do tempo indica que o solo segue saturado, mantendo o alerta de &#8220;grande perigo&#8221; para os pr\u00f3ximos dias.<\/p>\n","protected":false},"excerpt":{"rendered":"<p>\u200bA cidade de Juiz de Fora enfrenta um de seus momentos mais cr\u00edticos no planejamento urbano e na seguran\u00e7a p\u00fablica. Dados atualizados do Centro Nacional [&#8230;]<\/p>\n","protected":false},"author":1,"featured_media":4809,"comment_status":"open","ping_status":"open","sticky":false,"template":"","format":"standard","meta":{"_crdt_document":"","_jetpack_memberships_contains_paid_content":false,"footnotes":"","jetpack_publicize_message":"","jetpack_publicize_feature_enabled":true,"jetpack_social_post_already_shared":true,"jetpack_social_options":{"image_generator_settings":{"template":"highway","default_image_id":0,"font":"","enabled":false},"version":2}},"categories":[3],"tags":[],"class_list":["post-4808","post","type-post","status-publish","format-standard","has-post-thumbnail","hentry","category-brasil"],"jetpack_publicize_connections":[],"jetpack_featured_media_url":"https:\/\/i0.wp.com\/oexpressobr.com.br\/wp-content\/uploads\/2026\/02\/rbr0804_1.jpg_0.webp?fit=1170%2C700&ssl=1","jetpack_likes_enabled":true,"jetpack_sharing_enabled":true,"_links":{"self":[{"href":"https:\/\/oexpressobr.com.br\/index.php?rest_route=\/wp\/v2\/posts\/4808","targetHints":{"allow":["GET"]}}],"collection":[{"href":"https:\/\/oexpressobr.com.br\/index.php?rest_route=\/wp\/v2\/posts"}],"about":[{"href":"https:\/\/oexpressobr.com.br\/index.php?rest_route=\/wp\/v2\/types\/post"}],"author":[{"embeddable":true,"href":"https:\/\/oexpressobr.com.br\/index.php?rest_route=\/wp\/v2\/users\/1"}],"replies":[{"embeddable":true,"href":"https:\/\/oexpressobr.com.br\/index.php?rest_route=%2Fwp%2Fv2%2Fcomments&post=4808"}],"version-history":[{"count":1,"href":"https:\/\/oexpressobr.com.br\/index.php?rest_route=\/wp\/v2\/posts\/4808\/revisions"}],"predecessor-version":[{"id":4810,"href":"https:\/\/oexpressobr.com.br\/index.php?rest_route=\/wp\/v2\/posts\/4808\/revisions\/4810"}],"wp:featuredmedia":[{"embeddable":true,"href":"https:\/\/oexpressobr.com.br\/index.php?rest_route=\/wp\/v2\/media\/4809"}],"wp:attachment":[{"href":"https:\/\/oexpressobr.com.br\/index.php?rest_route=%2Fwp%2Fv2%2Fmedia&parent=4808"}],"wp:term":[{"taxonomy":"category","embeddable":true,"href":"https:\/\/oexpressobr.com.br\/index.php?rest_route=%2Fwp%2Fv2%2Fcategories&post=4808"},{"taxonomy":"post_tag","embeddable":true,"href":"https:\/\/oexpressobr.com.br\/index.php?rest_route=%2Fwp%2Fv2%2Ftags&post=4808"}],"curies":[{"name":"wp","href":"https:\/\/api.w.org\/{rel}","templated":true}]}}