{"id":4811,"date":"2026-02-27T19:44:00","date_gmt":"2026-02-27T22:44:00","guid":{"rendered":"https:\/\/oexpressobr.com.br\/?p=4811"},"modified":"2026-02-27T19:44:04","modified_gmt":"2026-02-27T22:44:04","slug":"gilmar-mendes-suspende-quebra-de-sigilo-de-empresa-ligada-a-dias-toffoli","status":"publish","type":"post","link":"https:\/\/oexpressobr.com.br\/?p=4811","title":{"rendered":"Gilmar Mendes suspende quebra de sigilo de empresa ligada a Dias Toffoli"},"content":{"rendered":"\n<p class=\"wp-block-paragraph\">Em uma decis\u00e3o proferida nesta sexta-feira (27), o ministro <strong>Gilmar Mendes<\/strong>, do Supremo Tribunal Federal (STF), suspendeu a quebra dos sigilos banc\u00e1rio e fiscal de uma empresa cujos s\u00f3cios s\u00e3o o tamb\u00e9m ministro <strong>Dias Toffoli<\/strong> e seus irm\u00e3os. a medida havia sido aprovada pela <strong>CPI do Crime Organizado<\/strong> no Senado na \u00faltima quarta-feira.<\/p>\n\n\n\n<p class=\"wp-block-paragraph\">\u200bA decis\u00e3o de Mendes atende a um pedido da defesa da empresa, que alegou falta de fundamenta\u00e7\u00e3o jur\u00eddica e persegui\u00e7\u00e3o pol\u00edtica. Ao analisar o caso, o decano do STF classificou a investida dos parlamentares como um claro exemplo de <strong>&#8220;desvio de finalidade&#8221;<\/strong> e <strong>&#8220;abuso de poder&#8221;<\/strong>.<\/p>\n\n\n\n<h3 class=\"wp-block-heading\">\u200bOs Argumentos da Decis\u00e3o<\/h3>\n\n\n\n<p class=\"wp-block-paragraph\">\u200bSegundo o magistrado, as Comiss\u00f5es Parlamentares de Inqu\u00e9rito possuem poderes de investiga\u00e7\u00e3o pr\u00f3prios das autoridades judiciais, mas esses poderes n\u00e3o s\u00e3o absolutos e devem respeitar garantias constitucionais.<\/p>\n\n\n\n<ul class=\"wp-block-list\">\n<li>\u200b<strong>Aus\u00eancia de Nexo:<\/strong> Mendes argumentou que n\u00e3o h\u00e1 rela\u00e7\u00e3o direta entre o escopo da CPI (investiga\u00e7\u00e3o de organiza\u00e7\u00f5es criminosas) e as atividades da empresa familiar de Toffoli.<\/li>\n\n\n\n<li>\u200b<strong>Ataque Institucional:<\/strong> A decis\u00e3o sugere que a medida da CPI parece buscar o constrangimento de membros da Suprema Corte em vez de apurar fatos concretos.<\/li>\n\n\n\n<li>\u200b<strong>Jurisprud\u00eancia:<\/strong> O ministro refor\u00e7ou que quebras de sigilo exigem &#8220;causa prov\u00e1vel&#8221; e fundamenta\u00e7\u00e3o t\u00e9cnica, o que, em sua vis\u00e3o, estava ausente no requerimento aprovado pelo Senado.<\/li>\n<\/ul>\n\n\n\n<h3 class=\"wp-block-heading\">\u200bPr\u00f3ximos Passos no Senado<\/h3>\n\n\n\n<p class=\"wp-block-paragraph\">\u200bA decis\u00e3o de Gilmar Mendes gerou rea\u00e7\u00f5es imediatas no Congresso. Membros da ala mais cr\u00edtica ao Judici\u00e1rio na CPI do Crime Organizado j\u00e1 articulam um recurso para que o plen\u00e1rio do STF revise a liminar. Por outro lado, parlamentares da base governista e especialistas em Direito Constitucional apontam que a medida do Senado foi, desde o in\u00edcio, juridicamente fr\u00e1gil.<\/p>\n","protected":false},"excerpt":{"rendered":"<p>Em uma decis\u00e3o proferida nesta sexta-feira (27), o ministro Gilmar Mendes, do Supremo Tribunal Federal (STF), suspendeu a quebra dos sigilos banc\u00e1rio e fiscal de [&#8230;]<\/p>\n","protected":false},"author":1,"featured_media":4812,"comment_status":"open","ping_status":"open","sticky":false,"template":"","format":"standard","meta":{"_crdt_document":"","_jetpack_memberships_contains_paid_content":false,"footnotes":"","jetpack_publicize_message":"","jetpack_publicize_feature_enabled":true,"jetpack_social_post_already_shared":true,"jetpack_social_options":{"image_generator_settings":{"template":"highway","default_image_id":0,"font":"","enabled":false},"version":2}},"categories":[8],"tags":[],"class_list":["post-4811","post","type-post","status-publish","format-standard","has-post-thumbnail","hentry","category-judiciario"],"jetpack_publicize_connections":[],"jetpack_featured_media_url":"https:\/\/i0.wp.com\/oexpressobr.com.br\/wp-content\/uploads\/2026\/02\/IMG-20260227-WA0269.jpg?fit=1080%2C1350&ssl=1","jetpack_likes_enabled":true,"jetpack_sharing_enabled":true,"_links":{"self":[{"href":"https:\/\/oexpressobr.com.br\/index.php?rest_route=\/wp\/v2\/posts\/4811","targetHints":{"allow":["GET"]}}],"collection":[{"href":"https:\/\/oexpressobr.com.br\/index.php?rest_route=\/wp\/v2\/posts"}],"about":[{"href":"https:\/\/oexpressobr.com.br\/index.php?rest_route=\/wp\/v2\/types\/post"}],"author":[{"embeddable":true,"href":"https:\/\/oexpressobr.com.br\/index.php?rest_route=\/wp\/v2\/users\/1"}],"replies":[{"embeddable":true,"href":"https:\/\/oexpressobr.com.br\/index.php?rest_route=%2Fwp%2Fv2%2Fcomments&post=4811"}],"version-history":[{"count":1,"href":"https:\/\/oexpressobr.com.br\/index.php?rest_route=\/wp\/v2\/posts\/4811\/revisions"}],"predecessor-version":[{"id":4813,"href":"https:\/\/oexpressobr.com.br\/index.php?rest_route=\/wp\/v2\/posts\/4811\/revisions\/4813"}],"wp:featuredmedia":[{"embeddable":true,"href":"https:\/\/oexpressobr.com.br\/index.php?rest_route=\/wp\/v2\/media\/4812"}],"wp:attachment":[{"href":"https:\/\/oexpressobr.com.br\/index.php?rest_route=%2Fwp%2Fv2%2Fmedia&parent=4811"}],"wp:term":[{"taxonomy":"category","embeddable":true,"href":"https:\/\/oexpressobr.com.br\/index.php?rest_route=%2Fwp%2Fv2%2Fcategories&post=4811"},{"taxonomy":"post_tag","embeddable":true,"href":"https:\/\/oexpressobr.com.br\/index.php?rest_route=%2Fwp%2Fv2%2Ftags&post=4811"}],"curies":[{"name":"wp","href":"https:\/\/api.w.org\/{rel}","templated":true}]}}