{"id":4814,"date":"2026-02-27T19:49:55","date_gmt":"2026-02-27T22:49:55","guid":{"rendered":"https:\/\/oexpressobr.com.br\/?p=4814"},"modified":"2026-02-27T19:50:00","modified_gmt":"2026-02-27T22:50:00","slug":"consorcio-mez-rzk-vence-leilao-de-tarcisio-para-construir-novo-centro-administrativo-de-sao-paulo","status":"publish","type":"post","link":"https:\/\/oexpressobr.com.br\/?p=4814","title":{"rendered":"Cons\u00f3rcio MEZ-RZK vence leil\u00e3o de Tarc\u00edsio para construir novo Centro Administrativo de S\u00e3o Paulo"},"content":{"rendered":"\n<p class=\"wp-block-paragraph\">\u200bO governo de S\u00e3o Paulo deu um passo decisivo para a transfer\u00eancia de sua sede administrativa para a regi\u00e3o central da capital. Em leil\u00e3o realizado na <strong>B3<\/strong> nesta quinta-feira (26 de fevereiro de 2026), o <strong>Cons\u00f3rcio MEZ-RZK Novo Centro<\/strong> sagrou-se vencedor da Parceria P\u00fablico-Privada (PPP) para a constru\u00e7\u00e3o, opera\u00e7\u00e3o e manuten\u00e7\u00e3o do novo complexo nos <strong>Campos El\u00edseos<\/strong>.<\/p>\n\n\n\n<p class=\"wp-block-paragraph\">\u200bCom um investimento estimado em <strong>R$ 6,1 bilh\u00f5es<\/strong>, o grupo superou a concorr\u00eancia da Acciona-Construcap ao oferecer um desconto de <strong>9,62%<\/strong> sobre a contrapresta\u00e7\u00e3o p\u00fablica mensal m\u00e1xima. O contrato ter\u00e1 dura\u00e7\u00e3o de <strong>30 anos<\/strong> e prev\u00ea que o Estado pague cerca de <strong>R$ 69,2 milh\u00f5es<\/strong> mensais \u00e0 concession\u00e1ria ap\u00f3s a entrega das obras.<\/p>\n\n\n\n<h3 class=\"wp-block-heading\">\u200bDetalhes do projeto e impacto urbano<\/h3>\n\n\n\n<p class=\"wp-block-paragraph\">\u200bO novo centro administrativo \u00e9 a principal aposta do governador <strong>Tarc\u00edsio de Freitas<\/strong> para a revitaliza\u00e7\u00e3o da \u00e1rea conhecida como Cracol\u00e2ndia. O projeto arquitet\u00f4nico, assinado pelo escrit\u00f3rio \u00d3pera Quatro, contempla:<\/p>\n\n\n\n<ul class=\"wp-block-list\">\n<li>\u200b<strong>Infraestrutura:<\/strong> Constru\u00e7\u00e3o de 10 torres que abrigar\u00e3o 28 secretarias e o gabinete do governador.<\/li>\n\n\n\n<li>\u200b<strong>Capacidade:<\/strong> Concentra\u00e7\u00e3o de aproximadamente <strong>22 mil servidores<\/strong> p\u00fablicos, hoje espalhados por mais de 40 endere\u00e7os.<\/li>\n\n\n\n<li>\u200b<strong>Patrim\u00f4nio:<\/strong> Restauro de <strong>17 casar\u00f5es tombados<\/strong> que ser\u00e3o integrados ao complexo.<\/li>\n\n\n\n<li>\u200b<strong>Habita\u00e7\u00e3o e Lazer:<\/strong> Constru\u00e7\u00e3o de 6 mil unidades habitacionais e amplia\u00e7\u00e3o de 40% da \u00e1rea verde do <strong>Parque Princesa Isabel<\/strong>.<\/li>\n<\/ul>\n\n\n\n<h3 class=\"wp-block-heading\">\u200bCronograma e pol\u00eamicas<\/h3>\n\n\n\n<p class=\"wp-block-paragraph\">\u200bAs obras devem come\u00e7ar em <strong>2025<\/strong>, com previs\u00e3o de entrega total para <strong>2030<\/strong>. Apesar do otimismo do governo, que projeta a cria\u00e7\u00e3o de <strong>38 mil empregos<\/strong>, o leil\u00e3o foi marcado por protestos. Moradores e movimentos sociais criticam a desapropria\u00e7\u00e3o de cerca de 230 im\u00f3veis e a remo\u00e7\u00e3o de centenas de fam\u00edlias da regi\u00e3o.<\/p>\n\n\n\n<p class=\"wp-block-paragraph\">\u200bTarc\u00edsio de Freitas defendeu a interven\u00e7\u00e3o como a &#8220;maior transforma\u00e7\u00e3o urbana recente no Brasil&#8221;, afirmando que o Estado precisa estar presente onde a cidade mais sofre com a degrada\u00e7\u00e3o. &#8220;Vamos devolver a dignidade ao centro de S\u00e3o Paulo&#8221;, declarou o governador durante a batida do martelo.<\/p>\n","protected":false},"excerpt":{"rendered":"<p>\u200bO governo de S\u00e3o Paulo deu um passo decisivo para a transfer\u00eancia de sua sede administrativa para a regi\u00e3o central da capital. Em leil\u00e3o realizado [&#8230;]<\/p>\n","protected":false},"author":1,"featured_media":4815,"comment_status":"open","ping_status":"open","sticky":false,"template":"","format":"standard","meta":{"_crdt_document":"","_jetpack_memberships_contains_paid_content":false,"footnotes":"","jetpack_publicize_message":"","jetpack_publicize_feature_enabled":true,"jetpack_social_post_already_shared":true,"jetpack_social_options":{"image_generator_settings":{"template":"highway","default_image_id":0,"font":"","enabled":false},"version":2}},"categories":[46],"tags":[],"class_list":["post-4814","post","type-post","status-publish","format-standard","has-post-thumbnail","hentry","category-cidades"],"jetpack_publicize_connections":[],"jetpack_featured_media_url":"https:\/\/i0.wp.com\/oexpressobr.com.br\/wp-content\/uploads\/2026\/02\/IMG-20260227-WA0276.png?fit=2250%2C1267&ssl=1","jetpack_likes_enabled":true,"jetpack_sharing_enabled":true,"_links":{"self":[{"href":"https:\/\/oexpressobr.com.br\/index.php?rest_route=\/wp\/v2\/posts\/4814","targetHints":{"allow":["GET"]}}],"collection":[{"href":"https:\/\/oexpressobr.com.br\/index.php?rest_route=\/wp\/v2\/posts"}],"about":[{"href":"https:\/\/oexpressobr.com.br\/index.php?rest_route=\/wp\/v2\/types\/post"}],"author":[{"embeddable":true,"href":"https:\/\/oexpressobr.com.br\/index.php?rest_route=\/wp\/v2\/users\/1"}],"replies":[{"embeddable":true,"href":"https:\/\/oexpressobr.com.br\/index.php?rest_route=%2Fwp%2Fv2%2Fcomments&post=4814"}],"version-history":[{"count":1,"href":"https:\/\/oexpressobr.com.br\/index.php?rest_route=\/wp\/v2\/posts\/4814\/revisions"}],"predecessor-version":[{"id":4816,"href":"https:\/\/oexpressobr.com.br\/index.php?rest_route=\/wp\/v2\/posts\/4814\/revisions\/4816"}],"wp:featuredmedia":[{"embeddable":true,"href":"https:\/\/oexpressobr.com.br\/index.php?rest_route=\/wp\/v2\/media\/4815"}],"wp:attachment":[{"href":"https:\/\/oexpressobr.com.br\/index.php?rest_route=%2Fwp%2Fv2%2Fmedia&parent=4814"}],"wp:term":[{"taxonomy":"category","embeddable":true,"href":"https:\/\/oexpressobr.com.br\/index.php?rest_route=%2Fwp%2Fv2%2Fcategories&post=4814"},{"taxonomy":"post_tag","embeddable":true,"href":"https:\/\/oexpressobr.com.br\/index.php?rest_route=%2Fwp%2Fv2%2Ftags&post=4814"}],"curies":[{"name":"wp","href":"https:\/\/api.w.org\/{rel}","templated":true}]}}