{"id":4817,"date":"2026-02-27T19:55:55","date_gmt":"2026-02-27T22:55:55","guid":{"rendered":"https:\/\/oexpressobr.com.br\/?p=4817"},"modified":"2026-02-27T19:56:00","modified_gmt":"2026-02-27T22:56:00","slug":"governo-lula-e-alckmin-recuam-de-aumento-no-imposto-de-importacao-apos-pressao","status":"publish","type":"post","link":"https:\/\/oexpressobr.com.br\/?p=4817","title":{"rendered":"Governo Lula e Alckmin recuam de aumento no Imposto de Importa\u00e7\u00e3o ap\u00f3s press\u00e3o"},"content":{"rendered":"\n<p class=\"wp-block-paragraph\">Em uma decis\u00e3o estrat\u00e9gica para conter o desgaste pol\u00edtico e a press\u00e3o de setores produtivos, o <strong>Governo Federal<\/strong>, sob a gest\u00e3o de <strong>Luiz In\u00e1cio Lula da Silva<\/strong> e do vice-presidente <strong>Geraldo Alckmin<\/strong> (MDIC), anunciou nesta sexta-feira (27) a revoga\u00e7\u00e3o parcial do aumento das al\u00edquotas do <strong>Imposto de Importa\u00e7\u00e3o<\/strong>. A medida, que havia sido estabelecida no in\u00edcio de fevereiro pela Resolu\u00e7\u00e3o Gecex n\u00ba 852\/2026, foi revertida para itens essenciais de tecnologia e bens de capital.<\/p>\n\n\n\n<p class=\"wp-block-paragraph\">\u200bA revers\u00e3o ocorre ap\u00f3s uma semana de intensas cr\u00edticas no Congresso Nacional e nas redes sociais. O recuo foi formalizado pelo Comit\u00ea-Executivo de Gest\u00e3o da C\u00e2mara de Com\u00e9rcio Exterior (<strong>Gecex\/Camex<\/strong>), que decidiu restabelecer as tarifas anteriores para 15 categorias de produtos eletr\u00f4nicos e zerar o imposto para outros 105 itens por um per\u00edodo de 120 dias.<\/p>\n\n\n\n<h3 class=\"wp-block-heading\">\u200bPrincipais mudan\u00e7as nas al\u00edquotas<\/h3>\n\n\n\n<p class=\"wp-block-paragraph\">\u200bCom a nova delibera\u00e7\u00e3o, os tributos sobre produtos de alto consumo retornam aos patamares originais:<\/p>\n\n\n\n<ul class=\"wp-block-list\">\n<li>\u200b<strong>Smartphones e Notebooks:<\/strong> A al\u00edquota, que subiria para 20%, volta para os atuais <strong>16%<\/strong>.<\/li>\n\n\n\n<li>\u200b<strong>Componentes de Hardware:<\/strong> Itens como placas-m\u00e3e, unidades de mem\u00f3ria SSD, gabinetes, mouses e monitores retornam \u00e0 taxa de <strong>10,8%<\/strong>.<\/li>\n\n\n\n<li>\u200b<strong>Bens de Capital:<\/strong> M\u00e1quinas e equipamentos industriais sem similar nacional (Ex-tarif\u00e1rios) voltam a ter al\u00edquota zero, visando n\u00e3o encarecer o setor produtivo.<\/li>\n<\/ul>\n\n\n\n<h3 class=\"wp-block-heading\">\u200bO embate entre arrecada\u00e7\u00e3o e prote\u00e7\u00e3o industrial<\/h3>\n\n\n\n<p class=\"wp-block-paragraph\">\u200bO ministro da Fazenda, <strong>Fernando Haddad<\/strong>, vinha defendendo publicamente o aumento como uma medida de &#8220;defesa comercial&#8221; e prote\u00e7\u00e3o da ind\u00fastria nacional contra o que o governo chama de &#8220;invas\u00e3o de produtos estrangeiros&#8221;. A estimativa inicial era de um refor\u00e7o de <strong>R$ 14 bilh\u00f5es<\/strong> no Or\u00e7amento de 2026 para ajudar no cumprimento da meta fiscal.<\/p>\n\n\n\n<p class=\"wp-block-paragraph\">\u200bEntretanto, o setor varejista e importadores alertaram para o impacto imediato no bolso do consumidor e na infla\u00e7\u00e3o (IPCA). Parlamentares da oposi\u00e7\u00e3o chegaram a apresentar sete projetos de decreto legislativo para sustar o aumento, alegando que a medida era um &#8220;tarifasso&#8221; disfar\u00e7ado de pol\u00edtica industrial.<\/p>\n\n\n\n<p class=\"wp-block-paragraph\">A decis\u00e3o de recuar em itens de tecnologia de ponta \u00e9 vista como um movimento para evitar o aumento da rejei\u00e7\u00e3o popular, lembrando o impacto negativo causado anteriormente pela &#8220;taxa das blusinhas&#8221; em plataformas de e-commerce internacional. O MDIC informou que novas etapas de realinhamento tarif\u00e1rio continuar\u00e3o sendo discutidas em reuni\u00f5es mensais do Gecex.<\/p>\n","protected":false},"excerpt":{"rendered":"<p>Em uma decis\u00e3o estrat\u00e9gica para conter o desgaste pol\u00edtico e a press\u00e3o de setores produtivos, o Governo Federal, sob a gest\u00e3o de Luiz In\u00e1cio Lula [&#8230;]<\/p>\n","protected":false},"author":1,"featured_media":4818,"comment_status":"open","ping_status":"open","sticky":false,"template":"","format":"standard","meta":{"_crdt_document":"","_jetpack_memberships_contains_paid_content":false,"footnotes":"","jetpack_publicize_message":"","jetpack_publicize_feature_enabled":true,"jetpack_social_post_already_shared":true,"jetpack_social_options":{"image_generator_settings":{"template":"highway","default_image_id":0,"font":"","enabled":false},"version":2}},"categories":[3],"tags":[],"class_list":["post-4817","post","type-post","status-publish","format-standard","has-post-thumbnail","hentry","category-brasil"],"jetpack_publicize_connections":[],"jetpack_featured_media_url":"https:\/\/i0.wp.com\/oexpressobr.com.br\/wp-content\/uploads\/2026\/02\/54565736153_18ca322b33_c.jpg.webp?fit=799%2C533&ssl=1","jetpack_likes_enabled":true,"jetpack_sharing_enabled":true,"_links":{"self":[{"href":"https:\/\/oexpressobr.com.br\/index.php?rest_route=\/wp\/v2\/posts\/4817","targetHints":{"allow":["GET"]}}],"collection":[{"href":"https:\/\/oexpressobr.com.br\/index.php?rest_route=\/wp\/v2\/posts"}],"about":[{"href":"https:\/\/oexpressobr.com.br\/index.php?rest_route=\/wp\/v2\/types\/post"}],"author":[{"embeddable":true,"href":"https:\/\/oexpressobr.com.br\/index.php?rest_route=\/wp\/v2\/users\/1"}],"replies":[{"embeddable":true,"href":"https:\/\/oexpressobr.com.br\/index.php?rest_route=%2Fwp%2Fv2%2Fcomments&post=4817"}],"version-history":[{"count":1,"href":"https:\/\/oexpressobr.com.br\/index.php?rest_route=\/wp\/v2\/posts\/4817\/revisions"}],"predecessor-version":[{"id":4819,"href":"https:\/\/oexpressobr.com.br\/index.php?rest_route=\/wp\/v2\/posts\/4817\/revisions\/4819"}],"wp:featuredmedia":[{"embeddable":true,"href":"https:\/\/oexpressobr.com.br\/index.php?rest_route=\/wp\/v2\/media\/4818"}],"wp:attachment":[{"href":"https:\/\/oexpressobr.com.br\/index.php?rest_route=%2Fwp%2Fv2%2Fmedia&parent=4817"}],"wp:term":[{"taxonomy":"category","embeddable":true,"href":"https:\/\/oexpressobr.com.br\/index.php?rest_route=%2Fwp%2Fv2%2Fcategories&post=4817"},{"taxonomy":"post_tag","embeddable":true,"href":"https:\/\/oexpressobr.com.br\/index.php?rest_route=%2Fwp%2Fv2%2Ftags&post=4817"}],"curies":[{"name":"wp","href":"https:\/\/api.w.org\/{rel}","templated":true}]}}