{"id":482,"date":"2025-12-09T16:16:27","date_gmt":"2025-12-09T19:16:27","guid":{"rendered":"https:\/\/oexpressobr.com.br\/?p=482"},"modified":"2025-12-09T16:16:28","modified_gmt":"2025-12-09T19:16:28","slug":"debora-do-batom-pede-a-moraes-para-depor-na-camara-sobre-o-8-1-comparando-caso-a-fernandinho-beira-mar","status":"publish","type":"post","link":"https:\/\/oexpressobr.com.br\/?p=482","title":{"rendered":"D\u00e9bora do Batom Pede a Moraes Para Depor na C\u00e2mara Sobre o 8\/1, Comparando Caso a Fernandinho Beira-Mar"},"content":{"rendered":"\n<p class=\"wp-block-paragraph\">\u200bA cabeleireira <strong>D\u00e9bora Rodrigues dos Santos<\/strong>, conhecida como &#8220;D\u00e9bora do Batom&#8221; por ter pichado a frase &#8220;Perdeu, man\u00e9&#8221; na est\u00e1tua <em>A Justi\u00e7a<\/em> em frente ao Supremo Tribunal Federal (STF) durante os atos de <strong>8 de janeiro de 2023<\/strong>, formalizou um pedido ao ministro <strong>Alexandre de Moraes<\/strong>, relator dos inqu\u00e9ritos sobre os eventos, para que seja autorizada a comparecer \u00e0 C\u00e2mara dos Deputados para depor.<\/p>\n\n\n\n<p class=\"wp-block-paragraph\">\u200bD\u00e9bora, que cumpre <strong>pena de 14 anos<\/strong> de reclus\u00e3o em regime domiciliar pelos crimes de aboli\u00e7\u00e3o violenta do Estado Democr\u00e1tico de Direito, golpe de Estado, dano qualificado, associa\u00e7\u00e3o criminosa armada e deteriora\u00e7\u00e3o de patrim\u00f4nio tombado, recebeu um convite para participar de uma audi\u00eancia na Subcomiss\u00e3o dos R\u00e9us do 8 de Janeiro.<\/p>\n\n\n\n<h2 class=\"wp-block-heading\">\u200bO Pedido e a Compara\u00e7\u00e3o Controversa<\/h2>\n\n\n\n<p class=\"wp-block-paragraph\">\u200bO pedido da defesa de D\u00e9bora dos Santos, protocolado na \u00faltima segunda-feira, 8 de dezembro de 2025, solicita a flexibiliza\u00e7\u00e3o de sua pris\u00e3o domiciliar para permitir a viagem a Bras\u00edlia. A cabeleireira, que reside em Paul\u00ednia (SP), pretende prestar seu depoimento sobre os fatos e as condi\u00e7\u00f5es a que, segundo a peti\u00e7\u00e3o, os presos e r\u00e9us do 8\/1 teriam sido submetidos, mencionando alega\u00e7\u00f5es de &#8220;viol\u00eancias enquadradas como <strong>tortura<\/strong>&#8220;.<\/p>\n\n\n\n<p class=\"wp-block-paragraph\">\u200bPara embasar a solicita\u00e7\u00e3o, os advogados de D\u00e9bora tra\u00e7aram uma <strong>compara\u00e7\u00e3o controversa<\/strong> com o caso de <strong>Luiz Fernando da Costa<\/strong>, o <strong>Fernandinho Beira-Mar<\/strong>. A defesa citou a autoriza\u00e7\u00e3o concedida em 2001, pela 2\u00aa Turma do STF, para que o l\u00edder do narcotr\u00e1fico fosse transportado do pres\u00eddio de seguran\u00e7a m\u00e1xima para participar de audi\u00eancias nas quais era r\u00e9u.<\/p>\n\n\n\n<h2 class=\"wp-block-heading\">\u200bSitua\u00e7\u00e3o Jur\u00eddica e Decis\u00e3o de Moraes<\/h2>\n\n\n\n<p class=\"wp-block-paragraph\">\u200bD\u00e9bora Rodrigues dos Santos foi um dos primeiros casos julgados pelo STF, com sua condena\u00e7\u00e3o sendo mantida em decis\u00f5es recentes, inclusive com a determina\u00e7\u00e3o de Moraes, em setembro de 2025, para a <strong>execu\u00e7\u00e3o imediata da pena<\/strong>. Ela j\u00e1 estava em pris\u00e3o domiciliar, concedida anteriormente por ser m\u00e3e de duas crian\u00e7as menores de 12 anos, mas a manuten\u00e7\u00e3o da condena\u00e7\u00e3o e o tr\u00e2nsito em julgado dos recursos confirmaram a necessidade do cumprimento da senten\u00e7a.<\/p>\n\n\n\n<p class=\"wp-block-paragraph\">\u200bA cabeleireira se tornou um <strong>s\u00edmbolo<\/strong> para o movimento que defende a anistia ou a revis\u00e3o das penas aplicadas aos envolvidos nos atos de 8 de janeiro, com parte da argumenta\u00e7\u00e3o de seus defensores focada na <strong>desproporcionalidade<\/strong> da senten\u00e7a de 14 anos, considerando a natureza de sua participa\u00e7\u00e3o \u2014 embora o STF a tenha condenado por um conjunto de cinco crimes graves, e n\u00e3o apenas pela picha\u00e7\u00e3o.<\/p>\n\n\n\n<p class=\"wp-block-paragraph\">\u200bAt\u00e9 o momento, o ministro Alexandre de Moraes ainda n\u00e3o se manifestou sobre o pedido de autoriza\u00e7\u00e3o para o deslocamento de D\u00e9bora dos Santos \u00e0 C\u00e2mara. A decis\u00e3o ser\u00e1 crucial para determinar se a cabeleireira poder\u00e1, de fato, se apresentar no Congresso Nacional e trazer sua vers\u00e3o dos fatos \u00e0 Subcomiss\u00e3o.<\/p>\n","protected":false},"excerpt":{"rendered":"<p>\u200bA cabeleireira D\u00e9bora Rodrigues dos Santos, conhecida como &#8220;D\u00e9bora do Batom&#8221; por ter pichado a frase &#8220;Perdeu, man\u00e9&#8221; na est\u00e1tua A Justi\u00e7a em frente ao [&#8230;]<\/p>\n","protected":false},"author":1,"featured_media":483,"comment_status":"open","ping_status":"open","sticky":false,"template":"","format":"standard","meta":{"_crdt_document":"","_jetpack_memberships_contains_paid_content":false,"footnotes":"","jetpack_publicize_message":"","jetpack_publicize_feature_enabled":true,"jetpack_social_post_already_shared":false,"jetpack_social_options":{"image_generator_settings":{"template":"highway","default_image_id":0,"font":"","enabled":false},"version":2}},"categories":[3],"tags":[],"class_list":["post-482","post","type-post","status-publish","format-standard","has-post-thumbnail","hentry","category-brasil"],"jetpack_publicize_connections":[],"jetpack_featured_media_url":"https:\/\/i0.wp.com\/oexpressobr.com.br\/wp-content\/uploads\/2025\/12\/debora-28.webp?fit=625%2C417&ssl=1","jetpack_likes_enabled":true,"jetpack_sharing_enabled":true,"_links":{"self":[{"href":"https:\/\/oexpressobr.com.br\/index.php?rest_route=\/wp\/v2\/posts\/482","targetHints":{"allow":["GET"]}}],"collection":[{"href":"https:\/\/oexpressobr.com.br\/index.php?rest_route=\/wp\/v2\/posts"}],"about":[{"href":"https:\/\/oexpressobr.com.br\/index.php?rest_route=\/wp\/v2\/types\/post"}],"author":[{"embeddable":true,"href":"https:\/\/oexpressobr.com.br\/index.php?rest_route=\/wp\/v2\/users\/1"}],"replies":[{"embeddable":true,"href":"https:\/\/oexpressobr.com.br\/index.php?rest_route=%2Fwp%2Fv2%2Fcomments&post=482"}],"version-history":[{"count":0,"href":"https:\/\/oexpressobr.com.br\/index.php?rest_route=\/wp\/v2\/posts\/482\/revisions"}],"wp:featuredmedia":[{"embeddable":true,"href":"https:\/\/oexpressobr.com.br\/index.php?rest_route=\/wp\/v2\/media\/483"}],"wp:attachment":[{"href":"https:\/\/oexpressobr.com.br\/index.php?rest_route=%2Fwp%2Fv2%2Fmedia&parent=482"}],"wp:term":[{"taxonomy":"category","embeddable":true,"href":"https:\/\/oexpressobr.com.br\/index.php?rest_route=%2Fwp%2Fv2%2Fcategories&post=482"},{"taxonomy":"post_tag","embeddable":true,"href":"https:\/\/oexpressobr.com.br\/index.php?rest_route=%2Fwp%2Fv2%2Ftags&post=482"}],"curies":[{"name":"wp","href":"https:\/\/api.w.org\/{rel}","templated":true}]}}