{"id":4824,"date":"2026-02-27T20:07:32","date_gmt":"2026-02-27T23:07:32","guid":{"rendered":"https:\/\/oexpressobr.com.br\/?p=4824"},"modified":"2026-02-27T20:07:37","modified_gmt":"2026-02-27T23:07:37","slug":"renda-domiciliar-per-capita-cresce-119-e-atinge-r-2-316-em-2025-aponta-ibge","status":"publish","type":"post","link":"https:\/\/oexpressobr.com.br\/?p=4824","title":{"rendered":"Renda domiciliar per capita cresce 11,9% e atinge R$ 2.316 em 2025, aponta IBGE"},"content":{"rendered":"\n<p class=\"wp-block-paragraph\">O Instituto Brasileiro de Geografia e Estat\u00edstica (IBGE) divulgou nesta sexta-feira (27) os dados da Pesquisa Nacional por Amostra de Domic\u00edlios Cont\u00ednua (PNAD Cont\u00ednua), revelando que o rendimento domiciliar per capita m\u00e9dio no Brasil saltou para R$ 2.316 em 2025. O n\u00famero representa um avan\u00e7o nominal expressivo de 11,9% em rela\u00e7\u00e3o ao ano anterior, quando a m\u00e9dia nacional era de R$ 2.069.<\/p>\n\n\n\n<p class=\"wp-block-paragraph\">\u200bO crescimento da renda m\u00e9dia superou significativamente a infla\u00e7\u00e3o oficial acumulada no per\u00edodo, medida pelo IPCA, que fechou em 4,26%. Este cen\u00e1rio consolida uma trajet\u00f3ria de recupera\u00e7\u00e3o do poder de compra das fam\u00edlias brasileiras, impulsionada pelo aquecimento do mercado de trabalho e pela redu\u00e7\u00e3o das taxas de desocupa\u00e7\u00e3o, que atingiram n\u00edveis historicamente baixos em diversas regi\u00f5es do pa\u00eds.<\/p>\n\n\n\n<h3 class=\"wp-block-heading\">\u200bDisparidades regionais permanecem acentuadas<\/h3>\n\n\n\n<p class=\"wp-block-paragraph\">\u200bApesar do otimismo com os n\u00fameros nacionais, o levantamento do IBGE refor\u00e7a a persist\u00eancia de abismos sociais entre as unidades da federa\u00e7\u00e3o. O Distrito Federal continua liderando o ranking nacional com folga, apresentando uma renda per capita de R$ 4.538 \u2014 um aumento superior a R$ 1.000 em apenas 12 meses.<\/p>\n\n\n\n<p class=\"wp-block-paragraph\">\u200bNo outro extremo da tabela, o Maranh\u00e3o registra o menor rendimento m\u00e9dio do pa\u00eds, com R$ 1.219. Embora o estado tenha apresentado crescimento em compara\u00e7\u00e3o aos R$ 1.077 de 2024, o valor ainda n\u00e3o atinge sequer o sal\u00e1rio m\u00ednimo vigente e representa menos de um ter\u00e7o da renda m\u00e9dia de um morador da capital federal.<\/p>\n\n\n\n<p class=\"wp-block-paragraph\">\u200b<strong>Confira os destaques por regi\u00e3o (valores em R$):<\/strong><\/p>\n\n\n\n<ul class=\"wp-block-list\">\n<li>\u200b<strong>Distrito Federal:<\/strong> 4.538 (maior do pa\u00eds)<\/li>\n\n\n\n<li>\u200b<strong>S\u00e3o Paulo:<\/strong> 2.956<\/li>\n\n\n\n<li>\u200b<strong>Rio Grande do Sul:<\/strong> 2.839<\/li>\n\n\n\n<li>\u200b<strong>Santa Catarina:<\/strong> 2.809<\/li>\n\n\n\n<li>\u200b<strong>Rio de Janeiro:<\/strong> 2.794<\/li>\n\n\n\n<li>\u200b<strong>Maranh\u00e3o:<\/strong> 1.219 (menor do pa\u00eds)<\/li>\n<\/ul>\n\n\n\n<h3 class=\"wp-block-heading\">\u200bFatores de crescimento e impacto fiscal<\/h3>\n\n\n\n<p class=\"wp-block-paragraph\">\u200bEspecialistas e analistas do mercado apontam que a combina\u00e7\u00e3o de um mercado de trabalho formal resiliente e o fortalecimento de pol\u00edticas de transfer\u00eancia de renda foram cruciais para este desempenho. Segundo o Minist\u00e9rio do Desenvolvimento e Assist\u00eancia Social, o pa\u00eds vive uma &#8220;mudan\u00e7a estrutural&#8221;, com mais da metade dos domic\u00edlios agora enquadrados nas classes C, B ou A.<\/p>\n\n\n\n<p class=\"wp-block-paragraph\">\u200bAl\u00e9m do term\u00f4metro social, esses dados possuem aplica\u00e7\u00e3o pr\u00e1tica imediata na gest\u00e3o p\u00fablica. Os valores divulgados pelo IBGE s\u00e3o utilizados pelo Tribunal de Contas da Uni\u00e3o (TCU) como crit\u00e9rio para o rateio do Fundo de Participa\u00e7\u00e3o dos Estados (FPE), conforme estabelecido pela Lei Complementar 143\/2013.<\/p>\n\n\n\n<p class=\"wp-block-paragraph\">\u200bPara 2026, a expectativa \u00e9 de continuidade no ciclo de contrata\u00e7\u00f5es, embora o cen\u00e1rio de juros elevados e custos operacionais para os estados ainda exija cautela no planejamento econ\u00f4mico a longo prazo.<\/p>\n","protected":false},"excerpt":{"rendered":"<p>O Instituto Brasileiro de Geografia e Estat\u00edstica (IBGE) divulgou nesta sexta-feira (27) os dados da Pesquisa Nacional por Amostra de Domic\u00edlios Cont\u00ednua (PNAD Cont\u00ednua), revelando [&#8230;]<\/p>\n","protected":false},"author":1,"featured_media":4825,"comment_status":"open","ping_status":"open","sticky":false,"template":"","format":"standard","meta":{"_crdt_document":"","_jetpack_memberships_contains_paid_content":false,"footnotes":"","jetpack_publicize_message":"","jetpack_publicize_feature_enabled":true,"jetpack_social_post_already_shared":true,"jetpack_social_options":{"image_generator_settings":{"template":"highway","default_image_id":0,"font":"","enabled":false},"version":2}},"categories":[10],"tags":[],"class_list":["post-4824","post","type-post","status-publish","format-standard","has-post-thumbnail","hentry","category-economia"],"jetpack_publicize_connections":[],"jetpack_featured_media_url":"https:\/\/i0.wp.com\/oexpressobr.com.br\/wp-content\/uploads\/2026\/02\/notas_real_20_10_05_2_2_de_1.webp?fit=1170%2C700&ssl=1","jetpack_likes_enabled":true,"jetpack_sharing_enabled":true,"_links":{"self":[{"href":"https:\/\/oexpressobr.com.br\/index.php?rest_route=\/wp\/v2\/posts\/4824","targetHints":{"allow":["GET"]}}],"collection":[{"href":"https:\/\/oexpressobr.com.br\/index.php?rest_route=\/wp\/v2\/posts"}],"about":[{"href":"https:\/\/oexpressobr.com.br\/index.php?rest_route=\/wp\/v2\/types\/post"}],"author":[{"embeddable":true,"href":"https:\/\/oexpressobr.com.br\/index.php?rest_route=\/wp\/v2\/users\/1"}],"replies":[{"embeddable":true,"href":"https:\/\/oexpressobr.com.br\/index.php?rest_route=%2Fwp%2Fv2%2Fcomments&post=4824"}],"version-history":[{"count":1,"href":"https:\/\/oexpressobr.com.br\/index.php?rest_route=\/wp\/v2\/posts\/4824\/revisions"}],"predecessor-version":[{"id":4826,"href":"https:\/\/oexpressobr.com.br\/index.php?rest_route=\/wp\/v2\/posts\/4824\/revisions\/4826"}],"wp:featuredmedia":[{"embeddable":true,"href":"https:\/\/oexpressobr.com.br\/index.php?rest_route=\/wp\/v2\/media\/4825"}],"wp:attachment":[{"href":"https:\/\/oexpressobr.com.br\/index.php?rest_route=%2Fwp%2Fv2%2Fmedia&parent=4824"}],"wp:term":[{"taxonomy":"category","embeddable":true,"href":"https:\/\/oexpressobr.com.br\/index.php?rest_route=%2Fwp%2Fv2%2Fcategories&post=4824"},{"taxonomy":"post_tag","embeddable":true,"href":"https:\/\/oexpressobr.com.br\/index.php?rest_route=%2Fwp%2Fv2%2Ftags&post=4824"}],"curies":[{"name":"wp","href":"https:\/\/api.w.org\/{rel}","templated":true}]}}