{"id":4827,"date":"2026-02-27T20:14:22","date_gmt":"2026-02-27T23:14:22","guid":{"rendered":"https:\/\/oexpressobr.com.br\/?p=4827"},"modified":"2026-02-27T20:14:28","modified_gmt":"2026-02-27T23:14:28","slug":"paquistao-e-taleba-entram-em-guerra-aberta-apos-bombardeios-em-cabul-e-kandahar","status":"publish","type":"post","link":"https:\/\/oexpressobr.com.br\/?p=4827","title":{"rendered":"Paquist\u00e3o e Taleb\u00e3 entram em &#8220;guerra aberta&#8221; ap\u00f3s bombardeios em Cabul e Kandahar"},"content":{"rendered":"\n<p class=\"wp-block-paragraph\"><br>A escalada de viol\u00eancia entre o Paquist\u00e3o e o governo do Taleb\u00e3 atingiu um ponto de ruptura nesta sexta-feira (27\/2). Ap\u00f3s meses de hostilidades na fronteira, o ministro da Defesa paquistan\u00eas, Khawaja Asif, declarou formalmente um estado de &#8220;guerra aberta&#8221; contra o Afeganist\u00e3o, seguindo uma s\u00e9rie de bombardeios a\u00e9reos que atingiram as principais cidades afeg\u00e3s, incluindo a capital Cabul e o reduto pol\u00edtico de Kandahar.<br>O estopim da crise<br>O novo ciclo de viol\u00eancia intensificou-se na noite de quinta-feira (26\/2), quando o Taleb\u00e3 lan\u00e7ou uma ofensiva terrestre contra postos militares paquistaneses ao longo da Linha Durand (a fronteira entre os dois pa\u00edses). Cabul justificou o ataque como uma retalia\u00e7\u00e3o a bombardeios realizados por Islamabad no \u00faltimo fim de semana, que teriam matado civis e atingido escolas religiosas.<br>A resposta do Paquist\u00e3o foi imediata e de escala sem precedentes. Pela primeira vez em anos, ca\u00e7as da For\u00e7a A\u00e9rea Paquistanesa (PAF) penetraram profundamente no espa\u00e7o a\u00e9reo afeg\u00e3o, conduzindo o que chamaram de &#8220;Opera\u00e7\u00e3o Ghazab Lil Haq&#8221; (F\u00faria Justa).<br>Diverg\u00eancia nos n\u00fameros e v\u00edtimas<br>Como \u00e9 comum em zonas de conflito fechadas, os relatos sobre o impacto humano s\u00e3o contradit\u00f3rios:<\/p>\n\n\n\n<ul class=\"wp-block-list\">\n<li>Lado Paquistan\u00eas: O governo afirma ter matado 133 combatentes do Taleb\u00e3 e ferido mais de 200 em ataques de precis\u00e3o contra quart\u00e9is-generais e dep\u00f3sitos de muni\u00e7\u00e3o.<\/li>\n\n\n\n<li>Lado Afeg\u00e3o: O Taleb\u00e3 nega as baixas militares em tal escala e afirma que os m\u00edsseis atingiram \u00e1reas residenciais e um acampamento de refugiados em Torkham. O grupo alega ainda ter matado 55 soldados paquistaneses e capturado oito vivos durante os combates na fronteira.<br>A ONU e ag\u00eancias internacionais como a Cruz Vermelha ainda n\u00e3o conseguiram verificar os dados de forma independente, mas alertam para o deslocamento massivo de civis na regi\u00e3o fronteiri\u00e7a.<br>Por que a tens\u00e3o subiu agora?<br>A raiz do conflito est\u00e1 na acusa\u00e7\u00e3o persistente de Islamabad de que o Taleb\u00e3 afeg\u00e3o abriga o grupo terrorista TTP (Taleb\u00e3 Paquistan\u00eas), que tem realizado atentados suicidas frequentes no Paquist\u00e3o \u2014 incluindo um ataque recente em Islamabad que deixou 31 mortos. O Taleb\u00e3 afeg\u00e3o nega as acusa\u00e7\u00f5es e acusa o Paquist\u00e3o de violar sua soberania.<br>Press\u00e3o Internacional<br>A comunidade internacional observa o conflito com apreens\u00e3o. A China, que possui investimentos bilion\u00e1rios na regi\u00e3o, pediu &#8220;modera\u00e7\u00e3o m\u00e1xima&#8221; para evitar que o transbordamento do terrorismo atinja suas fronteiras. O Ir\u00e3, que faz fronteira com ambos os pa\u00edses, ofereceu-se para mediar o di\u00e1logo, enquanto os EUA alertam seus cidad\u00e3os para que deixem o Afeganist\u00e3o imediatamente devido ao risco de uma guerra total.<br>At\u00e9 o momento, as principais passagens fronteiri\u00e7as permanecem fechadas e o espa\u00e7o a\u00e9reo da regi\u00e3o est\u00e1 sob vigil\u00e2ncia constante, mantendo o Sul da \u00c1sia em um dos seus momentos mais inst\u00e1veis da d\u00e9cada.<\/li>\n<\/ul>\n","protected":false},"excerpt":{"rendered":"<p>A escalada de viol\u00eancia entre o Paquist\u00e3o e o governo do Taleb\u00e3 atingiu um ponto de ruptura nesta sexta-feira (27\/2). Ap\u00f3s meses de hostilidades na [&#8230;]<\/p>\n","protected":false},"author":1,"featured_media":4828,"comment_status":"open","ping_status":"open","sticky":false,"template":"","format":"standard","meta":{"_crdt_document":"","_jetpack_memberships_contains_paid_content":false,"footnotes":"","jetpack_publicize_message":"","jetpack_publicize_feature_enabled":true,"jetpack_social_post_already_shared":true,"jetpack_social_options":{"image_generator_settings":{"template":"highway","default_image_id":0,"font":"","enabled":false},"version":2}},"categories":[15],"tags":[],"class_list":["post-4827","post","type-post","status-publish","format-standard","has-post-thumbnail","hentry","category-internacional"],"jetpack_publicize_connections":[],"jetpack_featured_media_url":"https:\/\/i0.wp.com\/oexpressobr.com.br\/wp-content\/uploads\/2026\/02\/542ab260-13c7-11f1-8c68-835571867502.jpg.webp?fit=800%2C449&ssl=1","jetpack_likes_enabled":true,"jetpack_sharing_enabled":true,"_links":{"self":[{"href":"https:\/\/oexpressobr.com.br\/index.php?rest_route=\/wp\/v2\/posts\/4827","targetHints":{"allow":["GET"]}}],"collection":[{"href":"https:\/\/oexpressobr.com.br\/index.php?rest_route=\/wp\/v2\/posts"}],"about":[{"href":"https:\/\/oexpressobr.com.br\/index.php?rest_route=\/wp\/v2\/types\/post"}],"author":[{"embeddable":true,"href":"https:\/\/oexpressobr.com.br\/index.php?rest_route=\/wp\/v2\/users\/1"}],"replies":[{"embeddable":true,"href":"https:\/\/oexpressobr.com.br\/index.php?rest_route=%2Fwp%2Fv2%2Fcomments&post=4827"}],"version-history":[{"count":1,"href":"https:\/\/oexpressobr.com.br\/index.php?rest_route=\/wp\/v2\/posts\/4827\/revisions"}],"predecessor-version":[{"id":4829,"href":"https:\/\/oexpressobr.com.br\/index.php?rest_route=\/wp\/v2\/posts\/4827\/revisions\/4829"}],"wp:featuredmedia":[{"embeddable":true,"href":"https:\/\/oexpressobr.com.br\/index.php?rest_route=\/wp\/v2\/media\/4828"}],"wp:attachment":[{"href":"https:\/\/oexpressobr.com.br\/index.php?rest_route=%2Fwp%2Fv2%2Fmedia&parent=4827"}],"wp:term":[{"taxonomy":"category","embeddable":true,"href":"https:\/\/oexpressobr.com.br\/index.php?rest_route=%2Fwp%2Fv2%2Fcategories&post=4827"},{"taxonomy":"post_tag","embeddable":true,"href":"https:\/\/oexpressobr.com.br\/index.php?rest_route=%2Fwp%2Fv2%2Ftags&post=4827"}],"curies":[{"name":"wp","href":"https:\/\/api.w.org\/{rel}","templated":true}]}}