{"id":4834,"date":"2026-02-28T06:50:08","date_gmt":"2026-02-28T09:50:08","guid":{"rendered":"https:\/\/oexpressobr.com.br\/?p=4834"},"modified":"2026-02-28T06:50:12","modified_gmt":"2026-02-28T09:50:12","slug":"ratinho-jr-e-lar-cooperativa-incentivos-milionarios-e-contrato-com-o-pai-do-governador-geram-polemica","status":"publish","type":"post","link":"https:\/\/oexpressobr.com.br\/?p=4834","title":{"rendered":"Ratinho Jr. e Lar Cooperativa: incentivos milion\u00e1rios e contrato com o pai do governador geram pol\u00eamica"},"content":{"rendered":"\n<p class=\"wp-block-paragraph\">A Lar Cooperativa Agroindustrial, uma das gigantes do agroneg\u00f3cio paranaense, encontra-se no centro de um debate que mistura benef\u00edcios fiscais vultosos e marketing familiar. Em setembro de 2025, a cooperativa anunciou o apresentador Carlos Massa, o Ratinho \u2014 pai do governador do Paran\u00e1, Ratinho Jr. (PSD) \u2014, como seu novo &#8220;embaixador nacional da marca&#8221;. O an\u00fancio ocorreu em rede nacional, durante o <em>Programa do Ratinho<\/em> no SBT, com a presen\u00e7a do diretor-presidente da Lar, Irineo da Costa Rodrigues.<\/p>\n\n\n\n<p class=\"wp-block-paragraph\">\u200bO que seria apenas uma estrat\u00e9gia publicit\u00e1ria comum ganha contornos \u00e9ticos complexos quando confrontada com os n\u00fameros da Secretaria da Fazenda do Paran\u00e1. De acordo com levantamentos recentes sobre transpar\u00eancia fiscal, o governo estadual abriu m\u00e3o de aproximadamente <strong>R$ 59,6 bilh\u00f5es<\/strong> em impostos entre 2022 e 2024. Desse total, um grupo seleto de 23 grandes empresas concentrou 22% dos benef\u00edcios. A Lar Cooperativa figura com destaque nesse ranking, tendo deixado de recolher mais de <strong>R$ 470 milh\u00f5es<\/strong> em tributos no per\u00edodo.<\/p>\n\n\n\n<h3 class=\"wp-block-heading\">\u200bO &#8220;Clube do CNPJ&#8221; e a Rota do Progresso<\/h3>\n\n\n\n<p class=\"wp-block-paragraph\">\u200bA rela\u00e7\u00e3o entre a Lar e o Governo do Estado tem sido estreita. Recentemente, a cooperativa foi inclu\u00edda no programa &#8220;Rota do Progresso&#8221;, lan\u00e7ado pelo governador Ratinho Jr. para incentivar a industrializa\u00e7\u00e3o em munic\u00edpios de baixo desempenho econ\u00f4mico. Em dezembro de 2024, novos investimentos da Lar em cidades como S\u00e3o Jos\u00e9 das Palmeiras e Rio Bom foram anunciados com o suporte de incentivos do programa estadual &#8220;Paran\u00e1 Competitivo&#8221;.<\/p>\n\n\n\n<p class=\"wp-block-paragraph\">\u200bA cooperativa, que faturou <strong>R$ 23,2 bilh\u00f5es em 2025<\/strong> e projeta chegar a R$ 26,4 bilh\u00f5es em 2026, defende que os incentivos s\u00e3o essenciais para a gera\u00e7\u00e3o de empregos. Segundo a empresa, a parceria com o apresentador Ratinho visa &#8220;refor\u00e7ar a conex\u00e3o com diferentes p\u00fablicos&#8221; e expandir a marca para o Norte e Nordeste do pa\u00eds.<\/p>\n\n\n\n<h3 class=\"wp-block-heading\">\u200bConflito de interesses em pauta<\/h3>\n\n\n\n<p class=\"wp-block-paragraph\">\u200bApesar da defesa t\u00e9cnica feita pelo governo \u2014 que alega que os incentivos atraem investimentos privados (estimados em mais de R$ 57 bilh\u00f5es nos \u00faltimos seis anos) \u2014, especialistas e cr\u00edticos apontam para um poss\u00edvel conflito de interesses. O fato de uma empresa beneficiada com quase meio bilh\u00e3o de reais em ren\u00fancia fiscal contratar o pai do gestor p\u00fablico respons\u00e1vel por essas pol\u00edticas levanta d\u00favidas sobre a impessoalidade da administra\u00e7\u00e3o.<\/p>\n\n\n\n<p class=\"wp-block-paragraph\">\u200b&#8221;O cruzamento entre pol\u00edtica e neg\u00f3cios de fam\u00edlia alimenta cr\u00edticas sobre a falta de equidade. Enquanto o contribuinte paga a conta da ren\u00fancia fiscal, a imagem p\u00fablica do pai do governador \u00e9 valorizada financeiramente pela mesma entidade que recebe o benef\u00edcio&#8221;, apontam observadores pol\u00edticos.<\/p>\n\n\n\n<p class=\"wp-block-paragraph\">\u200bA contradi\u00e7\u00e3o \u00e9 acentuada pelo momento em que o an\u00fancio foi feito, consolidando a Lar n\u00e3o apenas como uma parceira estrat\u00e9gica do desenvolvimento estadual, mas como uma cliente comercial direta da fam\u00edlia do governador. At\u00e9 o fechamento desta mat\u00e9ria, o Governo do Estado e a Lar Cooperativa mant\u00eam o posicionamento de que todos os incentivos seguem crit\u00e9rios t\u00e9cnicos previstos em lei e que a contrata\u00e7\u00e3o do embaixador \u00e9 uma decis\u00e3o estritamente comercial da cooperativa.<\/p>\n","protected":false},"excerpt":{"rendered":"<p>A Lar Cooperativa Agroindustrial, uma das gigantes do agroneg\u00f3cio paranaense, encontra-se no centro de um debate que mistura benef\u00edcios fiscais vultosos e marketing familiar. Em [&#8230;]<\/p>\n","protected":false},"author":1,"featured_media":4835,"comment_status":"open","ping_status":"open","sticky":false,"template":"","format":"standard","meta":{"_crdt_document":"","_jetpack_memberships_contains_paid_content":false,"footnotes":"","jetpack_publicize_message":"","jetpack_publicize_feature_enabled":true,"jetpack_social_post_already_shared":true,"jetpack_social_options":{"image_generator_settings":{"template":"highway","default_image_id":0,"font":"","enabled":false},"version":2}},"categories":[5],"tags":[],"class_list":["post-4834","post","type-post","status-publish","format-standard","has-post-thumbnail","hentry","category-parana"],"jetpack_publicize_connections":[],"jetpack_featured_media_url":"https:\/\/i0.wp.com\/oexpressobr.com.br\/wp-content\/uploads\/2026\/02\/FB_IMG_1772271768690.jpg?fit=1080%2C1242&ssl=1","jetpack_likes_enabled":true,"jetpack_sharing_enabled":true,"_links":{"self":[{"href":"https:\/\/oexpressobr.com.br\/index.php?rest_route=\/wp\/v2\/posts\/4834","targetHints":{"allow":["GET"]}}],"collection":[{"href":"https:\/\/oexpressobr.com.br\/index.php?rest_route=\/wp\/v2\/posts"}],"about":[{"href":"https:\/\/oexpressobr.com.br\/index.php?rest_route=\/wp\/v2\/types\/post"}],"author":[{"embeddable":true,"href":"https:\/\/oexpressobr.com.br\/index.php?rest_route=\/wp\/v2\/users\/1"}],"replies":[{"embeddable":true,"href":"https:\/\/oexpressobr.com.br\/index.php?rest_route=%2Fwp%2Fv2%2Fcomments&post=4834"}],"version-history":[{"count":1,"href":"https:\/\/oexpressobr.com.br\/index.php?rest_route=\/wp\/v2\/posts\/4834\/revisions"}],"predecessor-version":[{"id":4836,"href":"https:\/\/oexpressobr.com.br\/index.php?rest_route=\/wp\/v2\/posts\/4834\/revisions\/4836"}],"wp:featuredmedia":[{"embeddable":true,"href":"https:\/\/oexpressobr.com.br\/index.php?rest_route=\/wp\/v2\/media\/4835"}],"wp:attachment":[{"href":"https:\/\/oexpressobr.com.br\/index.php?rest_route=%2Fwp%2Fv2%2Fmedia&parent=4834"}],"wp:term":[{"taxonomy":"category","embeddable":true,"href":"https:\/\/oexpressobr.com.br\/index.php?rest_route=%2Fwp%2Fv2%2Fcategories&post=4834"},{"taxonomy":"post_tag","embeddable":true,"href":"https:\/\/oexpressobr.com.br\/index.php?rest_route=%2Fwp%2Fv2%2Ftags&post=4834"}],"curies":[{"name":"wp","href":"https:\/\/api.w.org\/{rel}","templated":true}]}}