{"id":4837,"date":"2026-02-28T07:01:47","date_gmt":"2026-02-28T10:01:47","guid":{"rendered":"https:\/\/oexpressobr.com.br\/?p=4837"},"modified":"2026-02-28T07:01:52","modified_gmt":"2026-02-28T10:01:52","slug":"policia-ambiental-prende-homem-e-aplica-multa-de-r-17-mil-por-desmatamento-em-guaratuba","status":"publish","type":"post","link":"https:\/\/oexpressobr.com.br\/?p=4837","title":{"rendered":"Pol\u00edcia Ambiental prende homem e aplica multa de R$ 17 mil por desmatamento em Guaratuba"},"content":{"rendered":"\n<p class=\"wp-block-paragraph\">Na \u00faltima quinta-feira, 26 de fevereiro de 2026, uma opera\u00e7\u00e3o do <strong>2\u00ba Pelot\u00e3o da 1\u00aa Companhia do Batalh\u00e3o de Pol\u00edcia Ambiental-For\u00e7a Verde (BPAmb-FV)<\/strong> resultou na pris\u00e3o em flagrante de um homem por crime ambiental no bairro <strong>Nereidas<\/strong>, em Guaratuba, no litoral paranaense. A a\u00e7\u00e3o foi motivada por den\u00fancias an\u00f4nimas que indicavam a destrui\u00e7\u00e3o de vegeta\u00e7\u00e3o nativa em uma \u00e1rea de preserva\u00e7\u00e3o.<\/p>\n\n\n\n<p class=\"wp-block-paragraph\">\u200bAo chegarem ao local, os policiais confirmaram a supress\u00e3o de vegeta\u00e7\u00e3o do bioma <strong>Mata Atl\u00e2ntica<\/strong>. O suspeito utilizava <strong>machados<\/strong> para realizar o corte raso das \u00e1rvores, tentando limpar o terreno sem qualquer autoriza\u00e7\u00e3o dos \u00f3rg\u00e3os competentes, como o Instituto \u00c1gua e Terra (IAT).<\/p>\n\n\n\n<h3 class=\"wp-block-heading\">\u200bDetalhes da Autua\u00e7\u00e3o e Penalidades<\/h3>\n\n\n\n<p class=\"wp-block-paragraph\">\u200bA interven\u00e7\u00e3o policial resultou em puni\u00e7\u00f5es severas tanto na esfera administrativa quanto na criminal:<\/p>\n\n\n\n<ul class=\"wp-block-list\">\n<li>\u200b<strong>Multas Administrativas:<\/strong> Foram lavrados dois autos de infra\u00e7\u00e3o ambiental que, somados, totalizam <strong>R$ 17.000,00<\/strong>.<\/li>\n\n\n\n<li>\u200b<strong>San\u00e7\u00f5es Criminais:<\/strong> O respons\u00e1vel foi conduzido \u00e0 delegacia e autuado com base no <strong>Artigo 38-A da Lei Federal n\u00ba 9.605\/98<\/strong> (Lei de Crimes Ambientais), que prev\u00ea deten\u00e7\u00e3o e multa para quem destr\u00f3i ou danifica vegeta\u00e7\u00e3o prim\u00e1ria ou secund\u00e1ria em est\u00e1gio avan\u00e7ado ou m\u00e9dio de regenera\u00e7\u00e3o do bioma Mata Atl\u00e2ntica.<\/li>\n\n\n\n<li>\u200b<strong>Embargo da \u00c1rea:<\/strong> O terreno foi imediatamente embargado, ficando proibida qualquer atividade produtiva ou constru\u00e7\u00e3o no local at\u00e9 a regulariza\u00e7\u00e3o e recupera\u00e7\u00e3o do dano.<\/li>\n<\/ul>\n\n\n\n<h3 class=\"wp-block-heading\">\u200bContexto Regional<\/h3>\n\n\n\n<p class=\"wp-block-paragraph\">\u200bA fiscaliza\u00e7\u00e3o em Guaratuba tem sido intensificada neste in\u00edcio de 2026. Somente nesta semana, outras opera\u00e7\u00f5es na regi\u00e3o do <strong>Balne\u00e1rio Coroados<\/strong> e na localidade de <strong>Itinga<\/strong> resultaram em multas que j\u00e1 ultrapassam os <strong>R$ 100 mil<\/strong>, refor\u00e7ando o uso de tecnologias como drones e geoprocessamento para identificar alertas de desmatamento em tempo real.<\/p>\n\n\n\n<blockquote class=\"wp-block-quote is-layout-flow wp-block-quote-is-layout-flow\">\n<p class=\"wp-block-paragraph\">\u200b&#8221;A colabora\u00e7\u00e3o da popula\u00e7\u00e3o por meio de den\u00fancias \u00e9 fundamental para que possamos chegar ao local no momento exato do crime, como ocorreu neste flagrante com o uso de machados&#8221;, destacou a equipe do 2\u00ba Pelot\u00e3o.<\/p>\n<\/blockquote>\n","protected":false},"excerpt":{"rendered":"<p>Na \u00faltima quinta-feira, 26 de fevereiro de 2026, uma opera\u00e7\u00e3o do 2\u00ba Pelot\u00e3o da 1\u00aa Companhia do Batalh\u00e3o de Pol\u00edcia Ambiental-For\u00e7a Verde (BPAmb-FV) resultou na [&#8230;]<\/p>\n","protected":false},"author":1,"featured_media":4838,"comment_status":"open","ping_status":"open","sticky":false,"template":"","format":"standard","meta":{"_crdt_document":"","_jetpack_memberships_contains_paid_content":false,"footnotes":"","jetpack_publicize_message":"","jetpack_publicize_feature_enabled":true,"jetpack_social_post_already_shared":true,"jetpack_social_options":{"image_generator_settings":{"template":"highway","default_image_id":0,"font":"","enabled":false},"version":2}},"categories":[32],"tags":[],"class_list":["post-4837","post","type-post","status-publish","format-standard","has-post-thumbnail","hentry","category-meio-ambiente"],"jetpack_publicize_connections":[],"jetpack_featured_media_url":"https:\/\/i0.wp.com\/oexpressobr.com.br\/wp-content\/uploads\/2026\/02\/Policia-Ambiental-Guaratuba-061.jpg?fit=1280%2C720&ssl=1","jetpack_likes_enabled":true,"jetpack_sharing_enabled":true,"_links":{"self":[{"href":"https:\/\/oexpressobr.com.br\/index.php?rest_route=\/wp\/v2\/posts\/4837","targetHints":{"allow":["GET"]}}],"collection":[{"href":"https:\/\/oexpressobr.com.br\/index.php?rest_route=\/wp\/v2\/posts"}],"about":[{"href":"https:\/\/oexpressobr.com.br\/index.php?rest_route=\/wp\/v2\/types\/post"}],"author":[{"embeddable":true,"href":"https:\/\/oexpressobr.com.br\/index.php?rest_route=\/wp\/v2\/users\/1"}],"replies":[{"embeddable":true,"href":"https:\/\/oexpressobr.com.br\/index.php?rest_route=%2Fwp%2Fv2%2Fcomments&post=4837"}],"version-history":[{"count":1,"href":"https:\/\/oexpressobr.com.br\/index.php?rest_route=\/wp\/v2\/posts\/4837\/revisions"}],"predecessor-version":[{"id":4839,"href":"https:\/\/oexpressobr.com.br\/index.php?rest_route=\/wp\/v2\/posts\/4837\/revisions\/4839"}],"wp:featuredmedia":[{"embeddable":true,"href":"https:\/\/oexpressobr.com.br\/index.php?rest_route=\/wp\/v2\/media\/4838"}],"wp:attachment":[{"href":"https:\/\/oexpressobr.com.br\/index.php?rest_route=%2Fwp%2Fv2%2Fmedia&parent=4837"}],"wp:term":[{"taxonomy":"category","embeddable":true,"href":"https:\/\/oexpressobr.com.br\/index.php?rest_route=%2Fwp%2Fv2%2Fcategories&post=4837"},{"taxonomy":"post_tag","embeddable":true,"href":"https:\/\/oexpressobr.com.br\/index.php?rest_route=%2Fwp%2Fv2%2Ftags&post=4837"}],"curies":[{"name":"wp","href":"https:\/\/api.w.org\/{rel}","templated":true}]}}