{"id":4840,"date":"2026-02-28T07:15:13","date_gmt":"2026-02-28T10:15:13","guid":{"rendered":"https:\/\/oexpressobr.com.br\/?p=4840"},"modified":"2026-02-28T07:15:18","modified_gmt":"2026-02-28T10:15:18","slug":"greca-sobe-o-tom-contra-ratinho-junior-e-expoe-racha-na-sucessao-estadual","status":"publish","type":"post","link":"https:\/\/oexpressobr.com.br\/?p=4840","title":{"rendered":"Greca sobe o tom contra Ratinho Junior e exp\u00f5e racha na sucess\u00e3o estadual"},"content":{"rendered":"\n<p class=\"wp-block-paragraph\">O cen\u00e1rio pol\u00edtico do Paran\u00e1 entrou em ebuli\u00e7\u00e3o nesta reta final de fevereiro de 2026. O ex-prefeito de Curitiba e atual secret\u00e1rio de Estado, Rafael Greca (PSD), subiu publicamente o tom contra o governador Ratinho Junior (PSD), insinuando uma poss\u00edvel &#8220;trai\u00e7\u00e3o&#8221; no processo de escolha do candidato governista ao Pal\u00e1cio Igua\u00e7u. A movimenta\u00e7\u00e3o escancara o racha interno no grupo pol\u00edtico e amplia o clima de desconfian\u00e7a que paira sobre as articula\u00e7\u00f5es para as elei\u00e7\u00f5es de outubro.<\/p>\n\n\n\n<h3 class=\"wp-block-heading\">\u200bO estopim da crise<\/h3>\n\n\n\n<p class=\"wp-block-paragraph\">\u200bA tens\u00e3o, que vinha sendo cozida em fogo brando nos bastidores, transbordou ap\u00f3s declara\u00e7\u00f5es recentes de Greca que sugerem que ele pode manter sua candidatura ao Governo do Estado mesmo sem o aval oficial do governador. O ex-prefeito, que esperava ser o &#8220;sucessor natural&#8221; ap\u00f3s deixar a prefeitura com altos \u00edndices de aprova\u00e7\u00e3o, sente-se preterido pelas movimenta\u00e7\u00f5es de Ratinho Junior, que tem estreitado la\u00e7os com o senador Fl\u00e1vio Bolsonaro (PL) para definir o palanque paranaense.<\/p>\n\n\n\n<p class=\"wp-block-paragraph\">\u200bAn\u00e1lises de bastidores indicam que o governador estaria mais inclinado a apoiar nomes como <strong>Guto Silva<\/strong> ou <strong>Alexandre Curi<\/strong>, buscando uma composi\u00e7\u00e3o que garanta o apoio do PL \u00e0 sua pr\u00f3pria pretens\u00e3o presidencial. Para Greca, essa estrat\u00e9gia soa como um descarte de sua biografia e lealdade, levando-o a adotar uma postura de enfrentamento.<\/p>\n\n\n\n<h3 class=\"wp-block-heading\">\u200bPesquisas e o &#8220;fator Moro&#8221;<\/h3>\n\n\n\n<p class=\"wp-block-paragraph\">\u200bA desuni\u00e3o no ninho governista acende o sinal de alerta devido ao desempenho do senador <strong>Sergio Moro (Uni\u00e3o)<\/strong> nas pesquisas de inten\u00e7\u00e3o de voto. Levantamentos recentes mostram Moro liderando isoladamente a corrida ao governo, aproveitando-se justamente da falta de um nome de consenso na base de Ratinho Junior.<\/p>\n\n\n\n<p class=\"wp-block-paragraph\">\u200bEnquanto o grupo do governador n\u00e3o se decide, Greca tenta se viabilizar como uma &#8220;terceira via&#8221; interna, afirmando que &#8220;com o andar da carruagem, as ab\u00f3boras se ajeitam&#8221;, mas deixando claro que n\u00e3o aceitar\u00e1 passivamente ser figurante em um acordo que o exclua da cabe\u00e7a de chapa ou do Senado.<\/p>\n\n\n\n<h3 class=\"wp-block-heading\">\u200bO dilema de Ratinho Junior<\/h3>\n\n\n\n<p class=\"wp-block-paragraph\">\u200bO governador Ratinho Junior vive um desafio duplo:<\/p>\n\n\n\n<ol class=\"wp-block-list\">\n<li>\u200b<strong>Nacional:<\/strong> Viabilizar seu nome como alternativa da direita \u00e0 Presid\u00eancia da Rep\u00fablica, o que exige alian\u00e7as com o cl\u00e3 Bolsonaro.<\/li>\n\n\n\n<li>\u200b<strong>Estadual:<\/strong> Manter a unidade de uma base heterog\u00eanea que, se fragmentada, pode entregar o governo \u00e0 oposi\u00e7\u00e3o ou a aliados &#8220;rebeldes&#8221; como Greca.<\/li>\n<\/ol>\n\n\n\n<h3 class=\"wp-block-heading\">\u200bPr\u00f3ximos passos<\/h3>\n\n\n\n<p class=\"wp-block-paragraph\">\u200bA expectativa agora gira em torno de uma reuni\u00e3o decisiva programada para a pr\u00f3xima semana entre Ratinho Junior e lideran\u00e7as do PL. O desfecho desse encontro poder\u00e1 selar o destino de Rafael Greca: ou ele ser\u00e1 reintegrado ao n\u00facleo de decis\u00e3o com uma promessa concreta, ou consolidar\u00e1 seu rompimento, podendo buscar abrigo em outra legenda para levar adiante sua candidatura, o que causaria um preju\u00edzo incalcul\u00e1vel \u00e0 hegemonia do PSD no estado.<\/p>\n","protected":false},"excerpt":{"rendered":"<p>O cen\u00e1rio pol\u00edtico do Paran\u00e1 entrou em ebuli\u00e7\u00e3o nesta reta final de fevereiro de 2026. O ex-prefeito de Curitiba e atual secret\u00e1rio de Estado, Rafael [&#8230;]<\/p>\n","protected":false},"author":1,"featured_media":4841,"comment_status":"open","ping_status":"open","sticky":false,"template":"","format":"standard","meta":{"_crdt_document":"","_jetpack_memberships_contains_paid_content":false,"footnotes":"","jetpack_publicize_message":"","jetpack_publicize_feature_enabled":true,"jetpack_social_post_already_shared":true,"jetpack_social_options":{"image_generator_settings":{"template":"highway","default_image_id":0,"font":"","enabled":false},"version":2}},"categories":[5],"tags":[],"class_list":["post-4840","post","type-post","status-publish","format-standard","has-post-thumbnail","hentry","category-parana"],"jetpack_publicize_connections":[],"jetpack_featured_media_url":"https:\/\/i0.wp.com\/oexpressobr.com.br\/wp-content\/uploads\/2026\/02\/greca-debandada-ratinho.jpg?fit=1200%2C675&ssl=1","jetpack_likes_enabled":true,"jetpack_sharing_enabled":true,"_links":{"self":[{"href":"https:\/\/oexpressobr.com.br\/index.php?rest_route=\/wp\/v2\/posts\/4840","targetHints":{"allow":["GET"]}}],"collection":[{"href":"https:\/\/oexpressobr.com.br\/index.php?rest_route=\/wp\/v2\/posts"}],"about":[{"href":"https:\/\/oexpressobr.com.br\/index.php?rest_route=\/wp\/v2\/types\/post"}],"author":[{"embeddable":true,"href":"https:\/\/oexpressobr.com.br\/index.php?rest_route=\/wp\/v2\/users\/1"}],"replies":[{"embeddable":true,"href":"https:\/\/oexpressobr.com.br\/index.php?rest_route=%2Fwp%2Fv2%2Fcomments&post=4840"}],"version-history":[{"count":1,"href":"https:\/\/oexpressobr.com.br\/index.php?rest_route=\/wp\/v2\/posts\/4840\/revisions"}],"predecessor-version":[{"id":4842,"href":"https:\/\/oexpressobr.com.br\/index.php?rest_route=\/wp\/v2\/posts\/4840\/revisions\/4842"}],"wp:featuredmedia":[{"embeddable":true,"href":"https:\/\/oexpressobr.com.br\/index.php?rest_route=\/wp\/v2\/media\/4841"}],"wp:attachment":[{"href":"https:\/\/oexpressobr.com.br\/index.php?rest_route=%2Fwp%2Fv2%2Fmedia&parent=4840"}],"wp:term":[{"taxonomy":"category","embeddable":true,"href":"https:\/\/oexpressobr.com.br\/index.php?rest_route=%2Fwp%2Fv2%2Fcategories&post=4840"},{"taxonomy":"post_tag","embeddable":true,"href":"https:\/\/oexpressobr.com.br\/index.php?rest_route=%2Fwp%2Fv2%2Ftags&post=4840"}],"curies":[{"name":"wp","href":"https:\/\/api.w.org\/{rel}","templated":true}]}}