{"id":4843,"date":"2026-02-28T07:56:48","date_gmt":"2026-02-28T10:56:48","guid":{"rendered":"https:\/\/oexpressobr.com.br\/?p=4843"},"modified":"2026-02-28T07:56:53","modified_gmt":"2026-02-28T10:56:53","slug":"senado-da-argentina-aprova-reducao-da-maioridade-penal-para-14-anos-sob-gestao-de-javier-milei","status":"publish","type":"post","link":"https:\/\/oexpressobr.com.br\/?p=4843","title":{"rendered":"Senado da Argentina aprova redu\u00e7\u00e3o da maioridade penal para 14 anos sob gest\u00e3o de Javier Milei"},"content":{"rendered":"\n<p class=\"wp-block-paragraph\">Em uma decis\u00e3o que marca uma mudan\u00e7a profunda no sistema jur\u00eddico do pa\u00eds, o Senado da Argentina aprovou nesta sexta-feira, 27 de fevereiro de 2026, o projeto de lei que reduz a maioridade penal de 16 para 14 anos. A proposta, que \u00e9 uma das bandeiras centrais da agenda de seguran\u00e7a do presidente Javier Milei, recebeu 44 votos a favor e 27 contra, seguindo agora para a san\u00e7\u00e3o presidencial definitiva.<\/p>\n\n\n\n<p class=\"wp-block-paragraph\">\u200bA nova legisla\u00e7\u00e3o substitui o Regime Penal Juvenil vigente desde 1980 e estabelece diretrizes rigorosas para adolescentes que cometem crimes graves. O texto prev\u00ea que menores entre 14 e 18 anos passem a responder criminalmente, com penas que podem chegar a 15 anos de pris\u00e3o em casos de homic\u00eddio, sequestro e roubos violentos.<\/p>\n\n\n\n<h3 class=\"wp-block-heading\">\u200b<strong>Pontos centrais da reforma<\/strong><\/h3>\n\n\n\n<p class=\"wp-block-paragraph\">\u200bDe acordo com o texto aprovado, o governo garantiu que o cumprimento das penas ocorrer\u00e1 em centros de deten\u00e7\u00e3o especializados, mantendo os adolescentes em unidades separadas da popula\u00e7\u00e3o carcer\u00e1ria adulta. Al\u00e9m disso:<\/p>\n\n\n\n<ul class=\"wp-block-list\">\n<li>\u200b<strong>Crimes Graves:<\/strong> A pris\u00e3o em regime fechado ser\u00e1 aplicada prioritariamente para crimes hediondos.<\/li>\n\n\n\n<li>\u200b<strong>San\u00e7\u00f5es Alternativas:<\/strong> Para infra\u00e7\u00f5es com penas menores que tr\u00eas anos, o magistrado poder\u00e1 aplicar medidas como a proibi\u00e7\u00e3o de sa\u00edda do pa\u00eds ou restri\u00e7\u00e3o de frequentar determinados locais.<\/li>\n\n\n\n<li>\u200b<strong>Or\u00e7amento:<\/strong> O governo de Milei anunciou a libera\u00e7\u00e3o de recursos equivalentes a aproximadamente R$ 90 milh\u00f5es para a constru\u00e7\u00e3o de novas estruturas e contrata\u00e7\u00e3o de equipes multidisciplinares, embora a oposi\u00e7\u00e3o questione se o montante ser\u00e1 suficiente para a implementa\u00e7\u00e3o total do sistema.<\/li>\n<\/ul>\n\n\n\n<h3 class=\"wp-block-heading\">\u200b<strong>Contexto e repercuss\u00e3o<\/strong><\/h3>\n\n\n\n<p class=\"wp-block-paragraph\">\u200bO debate ganhou for\u00e7a na sociedade argentina ap\u00f3s o assassinato brutal de um jovem de 15 anos na prov\u00edncia de Santa F\u00e9, cometido por outros adolescentes no final de 2025. O crime gerou forte como\u00e7\u00e3o nacional e impulsionou a mobiliza\u00e7\u00e3o de fam\u00edlias de v\u00edtimas, que se manifestaram em frente ao Congresso pedindo o fim da &#8220;impunidade juvenil&#8221;.<\/p>\n\n\n\n<p class=\"wp-block-paragraph\">\u200bA senadora e ex-ministra da Seguran\u00e7a, Patricia Bullrich, uma das principais articuladoras da medida, declarou que &#8220;comportamentos t\u00eam consequ\u00eancias&#8221; e que a nova lei busca proteger as v\u00edtimas e responsabilizar os infratores. Por outro lado, setores da oposi\u00e7\u00e3o e organiza\u00e7\u00f5es de direitos humanos criticam a medida, argumentando que o foco deveria ser a ressocializa\u00e7\u00e3o e pol\u00edticas p\u00fablicas de base, e n\u00e3o apenas o car\u00e1ter punitivo.<\/p>\n\n\n\n<p class=\"wp-block-paragraph\">\u200bJavier Milei, que inicialmente defendia a redu\u00e7\u00e3o para os 13 anos de idade, aceitou o consenso de 14 anos para garantir a aprova\u00e7\u00e3o legislativa. A vit\u00f3ria no Senado consolida um pacote de reformas que o presidente argentino tem implementado em 2026, incluindo tamb\u00e9m mudan\u00e7as profundas na legisla\u00e7\u00e3o trabalhista do pa\u00eds.<\/p>\n","protected":false},"excerpt":{"rendered":"<p>Em uma decis\u00e3o que marca uma mudan\u00e7a profunda no sistema jur\u00eddico do pa\u00eds, o Senado da Argentina aprovou nesta sexta-feira, 27 de fevereiro de 2026, [&#8230;]<\/p>\n","protected":false},"author":1,"featured_media":4844,"comment_status":"open","ping_status":"open","sticky":false,"template":"","format":"standard","meta":{"_crdt_document":"","_jetpack_memberships_contains_paid_content":false,"footnotes":"","jetpack_publicize_message":"","jetpack_publicize_feature_enabled":true,"jetpack_social_post_already_shared":true,"jetpack_social_options":{"image_generator_settings":{"template":"highway","default_image_id":0,"font":"","enabled":false},"version":2}},"categories":[15],"tags":[],"class_list":["post-4843","post","type-post","status-publish","format-standard","has-post-thumbnail","hentry","category-internacional"],"jetpack_publicize_connections":[],"jetpack_featured_media_url":"https:\/\/i0.wp.com\/oexpressobr.com.br\/wp-content\/uploads\/2026\/02\/IMG-20260228-WA0062.jpg?fit=1600%2C1066&ssl=1","jetpack_likes_enabled":true,"jetpack_sharing_enabled":true,"_links":{"self":[{"href":"https:\/\/oexpressobr.com.br\/index.php?rest_route=\/wp\/v2\/posts\/4843","targetHints":{"allow":["GET"]}}],"collection":[{"href":"https:\/\/oexpressobr.com.br\/index.php?rest_route=\/wp\/v2\/posts"}],"about":[{"href":"https:\/\/oexpressobr.com.br\/index.php?rest_route=\/wp\/v2\/types\/post"}],"author":[{"embeddable":true,"href":"https:\/\/oexpressobr.com.br\/index.php?rest_route=\/wp\/v2\/users\/1"}],"replies":[{"embeddable":true,"href":"https:\/\/oexpressobr.com.br\/index.php?rest_route=%2Fwp%2Fv2%2Fcomments&post=4843"}],"version-history":[{"count":1,"href":"https:\/\/oexpressobr.com.br\/index.php?rest_route=\/wp\/v2\/posts\/4843\/revisions"}],"predecessor-version":[{"id":4845,"href":"https:\/\/oexpressobr.com.br\/index.php?rest_route=\/wp\/v2\/posts\/4843\/revisions\/4845"}],"wp:featuredmedia":[{"embeddable":true,"href":"https:\/\/oexpressobr.com.br\/index.php?rest_route=\/wp\/v2\/media\/4844"}],"wp:attachment":[{"href":"https:\/\/oexpressobr.com.br\/index.php?rest_route=%2Fwp%2Fv2%2Fmedia&parent=4843"}],"wp:term":[{"taxonomy":"category","embeddable":true,"href":"https:\/\/oexpressobr.com.br\/index.php?rest_route=%2Fwp%2Fv2%2Fcategories&post=4843"},{"taxonomy":"post_tag","embeddable":true,"href":"https:\/\/oexpressobr.com.br\/index.php?rest_route=%2Fwp%2Fv2%2Ftags&post=4843"}],"curies":[{"name":"wp","href":"https:\/\/api.w.org\/{rel}","templated":true}]}}