{"id":4849,"date":"2026-02-28T08:14:10","date_gmt":"2026-02-28T11:14:10","guid":{"rendered":"https:\/\/oexpressobr.com.br\/?p=4849"},"modified":"2026-02-28T08:14:10","modified_gmt":"2026-02-28T11:14:10","slug":"tcu-da-15-dias-para-fazenda-e-bancos-explicarem-eventual-federalizacao-do-brb","status":"publish","type":"post","link":"https:\/\/oexpressobr.com.br\/?p=4849","title":{"rendered":"TCU d\u00e1 15 dias para Fazenda e bancos explicarem eventual federaliza\u00e7\u00e3o do BRB"},"content":{"rendered":"\n<p class=\"wp-block-paragraph\">\u200bO Tribunal de Contas da Uni\u00e3o (TCU) determinou, nesta sexta-feira (27), um prazo de 15 dias para que o Minist\u00e9rio da Fazenda, o Banco do Brasil, a Caixa Econ\u00f4mica Federal e o BNDES prestem esclarecimentos detalhados sobre a exist\u00eancia de estudos ou tratativas para uma poss\u00edvel federaliza\u00e7\u00e3o do Banco de Bras\u00edlia (BRB). A medida, assinada pelo ministro Bruno Dantas, ocorre em meio a uma crise de liquidez da institui\u00e7\u00e3o brasiliense, agravada por preju\u00edzos bilion\u00e1rios em opera\u00e7\u00f5es com o Banco Master.<\/p>\n\n\n\n<p class=\"wp-block-paragraph\">\u200bA decis\u00e3o do TCU tem car\u00e1ter preventivo. O ministro Dantas justificou a dilig\u00eancia como um &#8220;poder-dever de cautela&#8221;, visando monitorar poss\u00edveis impactos fiscais para a Uni\u00e3o e garantir que o tribunal avalie a viabilidade t\u00e9cnica e jur\u00eddica antes que qualquer transfer\u00eancia de controle seja consolidada. O tribunal quer saber se h\u00e1 grupos de trabalho, notas t\u00e9cnicas ou despachos que indiquem a assun\u00e7\u00e3o de responsabilidades do BRB pelo governo federal.<\/p>\n\n\n\n<p class=\"wp-block-paragraph\">\u200b<strong>Contexto da crise e o caso Banco Master<\/strong><\/p>\n\n\n\n<p class=\"wp-block-paragraph\">A situa\u00e7\u00e3o do BRB deteriorou-se ap\u00f3s a compra de carteiras de cr\u00e9dito do Banco Master \u2014 atualmente em liquida\u00e7\u00e3o extrajudicial \u2014 estimadas em R$ 12,2 bilh\u00f5es. Auditorias independentes e investiga\u00e7\u00f5es da Pol\u00edcia Federal apontam ind\u00edcios de fraudes nessas opera\u00e7\u00f5es. Recentemente, a Justi\u00e7a determinou o bloqueio de a\u00e7\u00f5es do BRB pertencentes a executivos ligados ao Master, como Daniel Vorcaro e Jo\u00e3o Carlos Mansur, para garantir o ressarcimento de danos.<\/p>\n\n\n\n<p class=\"wp-block-paragraph\">\u200bPara tentar sanear as contas, o BRB anunciou esta semana a necessidade de um aporte de capital de at\u00e9 R$ 8,86 bilh\u00f5es, valor que o Governo do Distrito Federal (GDF) teria dificuldades de arcar sozinho devido ao seu pr\u00f3prio rombo fiscal. O governador Ibaneis Rocha (MDB) tem defendido a capitaliza\u00e7\u00e3o como essencial para a &#8220;sobreviv\u00eancia&#8221; da institui\u00e7\u00e3o e dos seus mais de 4.500 colaboradores.<\/p>\n\n\n\n<p class=\"wp-block-paragraph\">\u200b<strong>Posicionamentos divergentes<\/strong><\/p>\n\n\n\n<p class=\"wp-block-paragraph\">Apesar do movimento do TCU, o novo presidente do BRB, Nelson Ant\u00f4nio de Souza, descartou publicamente a federaliza\u00e7\u00e3o ou privatiza\u00e7\u00e3o em sua gest\u00e3o. Por outro lado, o secret\u00e1rio do Tesouro Nacional, Rog\u00e9rio Ceron, j\u00e1 havia mencionado em ocasi\u00f5es anteriores que a Caixa poderia avaliar o BRB como uma &#8220;oportunidade de neg\u00f3cio&#8221;, o que acendeu o alerta na corte de contas.<\/p>\n\n\n\n<p class=\"wp-block-paragraph\">\u200bA ala pol\u00edtica do governo federal tamb\u00e9m demonstra resist\u00eancia. A presidente do PT, Gleisi Hoffmann, afirmou recentemente que a solu\u00e7\u00e3o para o rombo do BRB deve partir do governo local, e n\u00e3o da Uni\u00e3o. Com o prazo de 15 dias correndo, a Fazenda e os bancos p\u00fablicos precisar\u00e3o agora formalizar se o socorro federal \u00e9 apenas uma hip\u00f3tese de mercado ou um plano real de resgate financeiro.<\/p>\n","protected":false},"excerpt":{"rendered":"<p>\u200bO Tribunal de Contas da Uni\u00e3o (TCU) determinou, nesta sexta-feira (27), um prazo de 15 dias para que o Minist\u00e9rio da Fazenda, o Banco do [&#8230;]<\/p>\n","protected":false},"author":1,"featured_media":4850,"comment_status":"open","ping_status":"open","sticky":false,"template":"","format":"standard","meta":{"_crdt_document":"","_jetpack_memberships_contains_paid_content":false,"footnotes":"","jetpack_publicize_message":"","jetpack_publicize_feature_enabled":true,"jetpack_social_post_already_shared":true,"jetpack_social_options":{"image_generator_settings":{"template":"highway","default_image_id":0,"font":"","enabled":false},"version":2}},"categories":[3],"tags":[],"class_list":["post-4849","post","type-post","status-publish","format-standard","has-post-thumbnail","hentry","category-brasil"],"jetpack_publicize_connections":[],"jetpack_featured_media_url":"https:\/\/i0.wp.com\/oexpressobr.com.br\/wp-content\/uploads\/2026\/02\/IMG-20260228-WA0081.jpg?fit=900%2C600&ssl=1","jetpack_likes_enabled":true,"jetpack_sharing_enabled":true,"_links":{"self":[{"href":"https:\/\/oexpressobr.com.br\/index.php?rest_route=\/wp\/v2\/posts\/4849","targetHints":{"allow":["GET"]}}],"collection":[{"href":"https:\/\/oexpressobr.com.br\/index.php?rest_route=\/wp\/v2\/posts"}],"about":[{"href":"https:\/\/oexpressobr.com.br\/index.php?rest_route=\/wp\/v2\/types\/post"}],"author":[{"embeddable":true,"href":"https:\/\/oexpressobr.com.br\/index.php?rest_route=\/wp\/v2\/users\/1"}],"replies":[{"embeddable":true,"href":"https:\/\/oexpressobr.com.br\/index.php?rest_route=%2Fwp%2Fv2%2Fcomments&post=4849"}],"version-history":[{"count":1,"href":"https:\/\/oexpressobr.com.br\/index.php?rest_route=\/wp\/v2\/posts\/4849\/revisions"}],"predecessor-version":[{"id":4851,"href":"https:\/\/oexpressobr.com.br\/index.php?rest_route=\/wp\/v2\/posts\/4849\/revisions\/4851"}],"wp:featuredmedia":[{"embeddable":true,"href":"https:\/\/oexpressobr.com.br\/index.php?rest_route=\/wp\/v2\/media\/4850"}],"wp:attachment":[{"href":"https:\/\/oexpressobr.com.br\/index.php?rest_route=%2Fwp%2Fv2%2Fmedia&parent=4849"}],"wp:term":[{"taxonomy":"category","embeddable":true,"href":"https:\/\/oexpressobr.com.br\/index.php?rest_route=%2Fwp%2Fv2%2Fcategories&post=4849"},{"taxonomy":"post_tag","embeddable":true,"href":"https:\/\/oexpressobr.com.br\/index.php?rest_route=%2Fwp%2Fv2%2Ftags&post=4849"}],"curies":[{"name":"wp","href":"https:\/\/api.w.org\/{rel}","templated":true}]}}