{"id":485,"date":"2025-12-09T16:23:12","date_gmt":"2025-12-09T19:23:12","guid":{"rendered":"https:\/\/oexpressobr.com.br\/?p=485"},"modified":"2025-12-09T16:23:13","modified_gmt":"2025-12-09T19:23:13","slug":"carla-machado-do-pt-votou-pela-soltura-de-rodrigo-bacellar-presidente-da-alerj-preso-por-suspeita-de-vazamento","status":"publish","type":"post","link":"https:\/\/oexpressobr.com.br\/?p=485","title":{"rendered":"Carla Machado, Do PT, Votou Pela Soltura De Rodrigo Bacellar, Presidente Da Alerj, Preso Por Suspeita De Vazamento"},"content":{"rendered":"\n<p class=\"wp-block-paragraph\">A Assembleia Legislativa do Estado do Rio de Janeiro (Alerj) revogou, na tarde da \u00faltima segunda-feira, 8 de dezembro de 2025, a pris\u00e3o preventiva do seu presidente afastado, o deputado Rodrigo Bacellar (Uni\u00e3o Brasil), em uma vota\u00e7\u00e3o com placar de 42 votos favor\u00e1veis \u00e0 soltura, 21 contr\u00e1rios e duas absten\u00e7\u00f5es.<\/p>\n\n\n\n<p class=\"wp-block-paragraph\">\u200bA decis\u00e3o dos parlamentares fluminenses ocorreu ap\u00f3s Bacellar ter sido preso na semana passada, por determina\u00e7\u00e3o do ministro Alexandre de Moraes, do Supremo Tribunal Federal (STF), no \u00e2mbito de uma opera\u00e7\u00e3o da Pol\u00edcia Federal (PF). O deputado \u00e9 investigado por suspeita de ter vazado informa\u00e7\u00f5es sigilosas de uma opera\u00e7\u00e3o policial que mirava o ex-deputado estadual TH Joias, acusado de liga\u00e7\u00e3o com o Comando Vermelho.<\/p>\n\n\n\n<h3 class=\"wp-block-heading\">\u200bA \u00danica Voz Do PT Pela Soltura<\/h3>\n\n\n\n<p class=\"wp-block-paragraph\">\u200bO resultado da vota\u00e7\u00e3o no plen\u00e1rio, que refor\u00e7a a influ\u00eancia de Bacellar na Casa, teve um destaque not\u00e1vel na bancada de oposi\u00e7\u00e3o: a deputada estadual <strong>Carla Machado (PT)<\/strong>. Ela foi a \u00fanica parlamentar do Partido dos Trabalhadores a votar &#8220;Sim&#8221; pela revoga\u00e7\u00e3o da pris\u00e3o, contrariando a orienta\u00e7\u00e3o do partido.<\/p>\n\n\n\n<p class=\"wp-block-paragraph\">\u200bA bancada do PT na Alerj, assim como outras legendas de esquerda como PSOL e PCdoB, votou majoritariamente pela manuten\u00e7\u00e3o da pris\u00e3o de Bacellar. Os deputados <strong>Elika Takimoto (PT)<\/strong>, <strong>Marina do MST (PT)<\/strong>, <strong>Renato Machado (PT)<\/strong> e <strong>Zeidan (PT)<\/strong> votaram &#8220;N\u00e3o&#8221; ao projeto de resolu\u00e7\u00e3o que culminou na liberdade do presidente da Casa, defendendo a gravidade dos elementos probat\u00f3rios apresentados.<\/p>\n\n\n\n<p class=\"wp-block-paragraph\">\u200bA decis\u00e3o da Alerj, baseada em um entendimento do STF de 2019 que garante \u00e0s Assembleias Legislativas o poder de rever pris\u00f5es de seus membros, ser\u00e1 agora encaminhada ao ministro Alexandre de Moraes. Caber\u00e1 ao relator do processo no Supremo Tribunal Federal decidir se acolhe a decis\u00e3o da Casa e imp\u00f5e, ou n\u00e3o, medidas cautelares a Bacellar.<\/p>\n\n\n\n<p class=\"wp-block-paragraph\">\u200bA defesa de Rodrigo Bacellar nega veementemente qualquer envolvimento do parlamentar em obstru\u00e7\u00e3o de Justi\u00e7a ou vazamento de informa\u00e7\u00f5es sigilosas.<\/p>\n\n\n\n<p class=\"wp-block-paragraph\"><\/p>\n","protected":false},"excerpt":{"rendered":"<p>A Assembleia Legislativa do Estado do Rio de Janeiro (Alerj) revogou, na tarde da \u00faltima segunda-feira, 8 de dezembro de 2025, a pris\u00e3o preventiva do [&#8230;]<\/p>\n","protected":false},"author":1,"featured_media":487,"comment_status":"open","ping_status":"open","sticky":false,"template":"","format":"standard","meta":{"_crdt_document":"","_jetpack_memberships_contains_paid_content":false,"footnotes":"","jetpack_publicize_message":"","jetpack_publicize_feature_enabled":true,"jetpack_social_post_already_shared":false,"jetpack_social_options":{"image_generator_settings":{"template":"highway","default_image_id":0,"font":"","enabled":false},"version":2}},"categories":[7],"tags":[],"class_list":["post-485","post","type-post","status-publish","format-standard","has-post-thumbnail","hentry","category-politica"],"jetpack_publicize_connections":[],"jetpack_featured_media_url":"https:\/\/i0.wp.com\/oexpressobr.com.br\/wp-content\/uploads\/2025\/12\/carla-machado-bacellar-420x242-1.png?fit=420%2C242&ssl=1","jetpack_likes_enabled":true,"jetpack_sharing_enabled":true,"_links":{"self":[{"href":"https:\/\/oexpressobr.com.br\/index.php?rest_route=\/wp\/v2\/posts\/485","targetHints":{"allow":["GET"]}}],"collection":[{"href":"https:\/\/oexpressobr.com.br\/index.php?rest_route=\/wp\/v2\/posts"}],"about":[{"href":"https:\/\/oexpressobr.com.br\/index.php?rest_route=\/wp\/v2\/types\/post"}],"author":[{"embeddable":true,"href":"https:\/\/oexpressobr.com.br\/index.php?rest_route=\/wp\/v2\/users\/1"}],"replies":[{"embeddable":true,"href":"https:\/\/oexpressobr.com.br\/index.php?rest_route=%2Fwp%2Fv2%2Fcomments&post=485"}],"version-history":[{"count":0,"href":"https:\/\/oexpressobr.com.br\/index.php?rest_route=\/wp\/v2\/posts\/485\/revisions"}],"wp:featuredmedia":[{"embeddable":true,"href":"https:\/\/oexpressobr.com.br\/index.php?rest_route=\/wp\/v2\/media\/487"}],"wp:attachment":[{"href":"https:\/\/oexpressobr.com.br\/index.php?rest_route=%2Fwp%2Fv2%2Fmedia&parent=485"}],"wp:term":[{"taxonomy":"category","embeddable":true,"href":"https:\/\/oexpressobr.com.br\/index.php?rest_route=%2Fwp%2Fv2%2Fcategories&post=485"},{"taxonomy":"post_tag","embeddable":true,"href":"https:\/\/oexpressobr.com.br\/index.php?rest_route=%2Fwp%2Fv2%2Ftags&post=485"}],"curies":[{"name":"wp","href":"https:\/\/api.w.org\/{rel}","templated":true}]}}