{"id":4855,"date":"2026-02-28T08:31:23","date_gmt":"2026-02-28T11:31:23","guid":{"rendered":"https:\/\/oexpressobr.com.br\/?p=4855"},"modified":"2026-02-28T08:31:29","modified_gmt":"2026-02-28T11:31:29","slug":"exercito-indica-primeira-mulher-general-da-historia","status":"publish","type":"post","link":"https:\/\/oexpressobr.com.br\/?p=4855","title":{"rendered":"Ex\u00e9rcito indica  primeira mulher general da hist\u00f3ria"},"content":{"rendered":"\n<p class=\"wp-block-paragraph\">\u200bO Ex\u00e9rcito Brasileiro registrou um marco hist\u00f3rico nesta semana com a indica\u00e7\u00e3o da coronel m\u00e9dica Cl\u00e1udia Lima Gusm\u00e3o Cacho para o posto de general de brigada. A decis\u00e3o, tomada ap\u00f3s vota\u00e7\u00e3o secreta pelo Alto Comando da For\u00e7a no dia 24 de fevereiro de 2026, representa a primeira vez em que uma mulher alcan\u00e7a o oficialato-general na hist\u00f3ria centen\u00e1ria da institui\u00e7\u00e3o.<\/p>\n\n\n\n<p class=\"wp-block-paragraph\">\u200bA promo\u00e7\u00e3o da coronel Cl\u00e1udia, que agora depende apenas da assinatura de um decreto pelo presidente Luiz In\u00e1cio Lula da Silva, est\u00e1 prevista para ser oficializada no dia 31 de mar\u00e7o. Natural de Recife (PE), a oficial de 57 anos \u00e9 m\u00e9dica pediatra formada pela Universidade de Pernambuco (UPE) e ingressou no Ex\u00e9rcito em 1996.<\/p>\n\n\n\n<p class=\"wp-block-paragraph\">\u200b<strong>Trajet\u00f3ria e carreira<\/strong><\/p>\n\n\n\n<p class=\"wp-block-paragraph\">Ao longo de tr\u00eas d\u00e9cadas de servi\u00e7o, a coronel Cl\u00e1udia construiu uma carreira s\u00f3lida na \u00e1rea de sa\u00fade militar. Entre as fun\u00e7\u00f5es de destaque que exerceu, est\u00e3o a dire\u00e7\u00e3o do Hospital Militar de \u00c1rea de Campo Grande (MS) e do Hospital de Guarni\u00e7\u00e3o de Natal (RN), al\u00e9m de ter atuado como subdiretora t\u00e9cnica do Hospital Central do Ex\u00e9rcito. Com a promo\u00e7\u00e3o, a expectativa \u00e9 que ela assuma o comando do Hospital Militar de \u00c1rea de Bras\u00edlia (HMAB).<\/p>\n\n\n\n<p class=\"wp-block-paragraph\">\u200bA ascens\u00e3o feminina ao topo da hierarquia militar j\u00e1 havia ocorrido nas outras For\u00e7as: a Marinha do Brasil promoveu sua primeira mulher ao generalato em 2012 (Dalva Maria Carvalho Mendes), e a For\u00e7a A\u00e9rea Brasileira em 2017 (Carla Lyrio Martins). O Ex\u00e9rcito, por sua vez, preparava este movimento desde que o comandante da For\u00e7a, general Tom\u00e1s Miguel Ribeiro Paiva, sinalizou a abertura do quadro de generais para mulheres h\u00e1 cerca de dois anos.<\/p>\n\n\n\n<p class=\"wp-block-paragraph\">\u200b<strong>Contexto e representatividade<\/strong><\/p>\n\n\n\n<p class=\"wp-block-paragraph\">A indica\u00e7\u00e3o ocorre em um momento de transforma\u00e7\u00e3o interna nas For\u00e7as Armadas. Segundo dados de 2023, o Ex\u00e9rcito contava com cerca de 13 mil mulheres em seus quadros, o que representa apenas 6% do contingente total \u2014 uma propor\u00e7\u00e3o menor do que a da Aeron\u00e1utica (22%) e da Marinha (11%).<\/p>\n\n\n\n<p class=\"wp-block-paragraph\">\u200bAl\u00e9m da promo\u00e7\u00e3o hist\u00f3rica, o ano de 2026 marca outro avan\u00e7o: a incorpora\u00e7\u00e3o das primeiras mulheres no Servi\u00e7o Militar Inicial Feminino. Na pr\u00f3xima semana, no dia 2 de mar\u00e7o, mais de mil volunt\u00e1rias devem iniciar o servi\u00e7o como recrutas em diversas unidades do pa\u00eds, em um processo seletivo que atraiu mais de 33 mil inscritas em todo o territ\u00f3rio nacional.<\/p>\n\n\n\n<p class=\"wp-block-paragraph\">\u200bA escolha da coronel Cl\u00e1udia Lima Gusm\u00e3o Cacho reafirma a pol\u00edtica de meritocracia da institui\u00e7\u00e3o e abre caminho para que futuras gera\u00e7\u00f5es de oficiais alcancem postos de decis\u00e3o estrat\u00e9gica na defesa nacional.<\/p>\n\n\n\n<p class=\"wp-block-paragraph\"><\/p>\n","protected":false},"excerpt":{"rendered":"<p>\u200bO Ex\u00e9rcito Brasileiro registrou um marco hist\u00f3rico nesta semana com a indica\u00e7\u00e3o da coronel m\u00e9dica Cl\u00e1udia Lima Gusm\u00e3o Cacho para o posto de general de [&#8230;]<\/p>\n","protected":false},"author":1,"featured_media":4856,"comment_status":"open","ping_status":"open","sticky":false,"template":"","format":"standard","meta":{"_crdt_document":"","_jetpack_memberships_contains_paid_content":false,"footnotes":"","jetpack_publicize_message":"","jetpack_publicize_feature_enabled":true,"jetpack_social_post_already_shared":true,"jetpack_social_options":{"image_generator_settings":{"template":"highway","default_image_id":0,"font":"","enabled":false},"version":2}},"categories":[3],"tags":[],"class_list":["post-4855","post","type-post","status-publish","format-standard","has-post-thumbnail","hentry","category-brasil"],"jetpack_publicize_connections":[],"jetpack_featured_media_url":"https:\/\/i0.wp.com\/oexpressobr.com.br\/wp-content\/uploads\/2026\/02\/IMG-20260228-WA0095.jpg?fit=1200%2C800&ssl=1","jetpack_likes_enabled":true,"jetpack_sharing_enabled":true,"_links":{"self":[{"href":"https:\/\/oexpressobr.com.br\/index.php?rest_route=\/wp\/v2\/posts\/4855","targetHints":{"allow":["GET"]}}],"collection":[{"href":"https:\/\/oexpressobr.com.br\/index.php?rest_route=\/wp\/v2\/posts"}],"about":[{"href":"https:\/\/oexpressobr.com.br\/index.php?rest_route=\/wp\/v2\/types\/post"}],"author":[{"embeddable":true,"href":"https:\/\/oexpressobr.com.br\/index.php?rest_route=\/wp\/v2\/users\/1"}],"replies":[{"embeddable":true,"href":"https:\/\/oexpressobr.com.br\/index.php?rest_route=%2Fwp%2Fv2%2Fcomments&post=4855"}],"version-history":[{"count":1,"href":"https:\/\/oexpressobr.com.br\/index.php?rest_route=\/wp\/v2\/posts\/4855\/revisions"}],"predecessor-version":[{"id":4857,"href":"https:\/\/oexpressobr.com.br\/index.php?rest_route=\/wp\/v2\/posts\/4855\/revisions\/4857"}],"wp:featuredmedia":[{"embeddable":true,"href":"https:\/\/oexpressobr.com.br\/index.php?rest_route=\/wp\/v2\/media\/4856"}],"wp:attachment":[{"href":"https:\/\/oexpressobr.com.br\/index.php?rest_route=%2Fwp%2Fv2%2Fmedia&parent=4855"}],"wp:term":[{"taxonomy":"category","embeddable":true,"href":"https:\/\/oexpressobr.com.br\/index.php?rest_route=%2Fwp%2Fv2%2Fcategories&post=4855"},{"taxonomy":"post_tag","embeddable":true,"href":"https:\/\/oexpressobr.com.br\/index.php?rest_route=%2Fwp%2Fv2%2Ftags&post=4855"}],"curies":[{"name":"wp","href":"https:\/\/api.w.org\/{rel}","templated":true}]}}