{"id":4858,"date":"2026-02-28T08:38:07","date_gmt":"2026-02-28T11:38:07","guid":{"rendered":"https:\/\/oexpressobr.com.br\/?p=4858"},"modified":"2026-02-28T08:38:12","modified_gmt":"2026-02-28T11:38:12","slug":"eua-e-israel-atacam-o-ira-em-ofensiva-para-destruir-programa-nuclear-trump-fala-em-furia-epica","status":"publish","type":"post","link":"https:\/\/oexpressobr.com.br\/?p=4858","title":{"rendered":"EUA e Israel atacam o Ir\u00e3 em ofensiva para destruir programa nuclear; Trump fala em &#8220;F\u00faria \u00c9pica&#8221;"},"content":{"rendered":"\n<p class=\"wp-block-paragraph\"><br>Os Estados Unidos e Israel lan\u00e7aram, na madrugada deste s\u00e1bado (28 de fevereiro de 2026), uma opera\u00e7\u00e3o militar conjunta de larga escala contra o Ir\u00e3. O ataque, batizado pelo Pent\u00e1gono de &#8220;Opera\u00e7\u00e3o F\u00faria \u00c9pica&#8221;, teve como alvos principais a capital, Teer\u00e3, e pelo menos outras seis cidades estrat\u00e9gicas: Qom, Tabriz, Kermanshah, Karaj, Khorramabad e Isfahan.<br>Em um pronunciamento de oito minutos realizado pela rede Truth Social, o presidente Donald Trump confirmou o in\u00edcio das hostilidades e declarou que o objetivo central da ofensiva \u00e9 &#8220;destruir o programa nuclear iraniano&#8221; e eliminar o que chamou de &#8220;amea\u00e7as de um regime vicioso contra o povo americano&#8221;. Trump instou a popula\u00e7\u00e3o iraniana a se abrigar e sugeriu que este \u00e9 o momento para que os cidad\u00e3os tomem o controle do pr\u00f3prio destino, sinalizando um apoio direto \u00e0 queda do atual governo dos aiatol\u00e1s.<br>Fracasso diplom\u00e1tico e escalada militar<br>A a\u00e7\u00e3o militar ocorre apenas horas ap\u00f3s o colapso das negocia\u00e7\u00f5es nucleares em Genebra. Segundo fontes diplom\u00e1ticas, o di\u00e1logo entre Washington e Teer\u00e3 chegou a um impasse definitivo na \u00faltima semana, levando os EUA a mobilizarem sua maior for\u00e7a militar no Oriente M\u00e9dio desde 2003, incluindo dois porta-avi\u00f5es, 12 contratorpedeiros e ca\u00e7as F-22.<br>O Ministro da Defesa de Israel, Israel Katz, classificou a interven\u00e7\u00e3o como um &#8220;ataque preventivo&#8221; necess\u00e1rio para garantir que o Ir\u00e3 nunca obtenha armas nucleares. Relatos locais indicam que o complexo da presid\u00eancia iraniana em Teer\u00e3 e instala\u00e7\u00f5es militares da Guarda Revolucion\u00e1ria foram atingidos.<br>Retalia\u00e7\u00e3o imediata e tens\u00e3o regional<br>O Ir\u00e3 n\u00e3o tardou a responder. A Guarda Revolucion\u00e1ria Isl\u00e2mica anunciou o in\u00edcio de uma &#8220;primeira onda de ataques&#8221; com m\u00edsseis bal\u00edsticos e drones contra o territ\u00f3rio de Israel e bases militares americanas na regi\u00e3o. Explos\u00f5es foram reportadas pr\u00f3ximas a instala\u00e7\u00f5es dos EUA no Bahrein, Kuwait e Catar, enquanto sirenes de alerta soaram em diversas cidades israelenses.<br>At\u00e9 o fechamento desta edi\u00e7\u00e3o, n\u00e3o havia um balan\u00e7o oficial de mortos ou feridos, mas a m\u00eddia estatal iraniana confirmou que o espa\u00e7o a\u00e9reo do pa\u00eds foi totalmente fechado e que \u00f3rg\u00e3os do governo sofreram ataques cibern\u00e9ticos simult\u00e2neos aos bombardeios. L\u00edderes internacionais expressam temor de que o conflito se transforme em uma guerra regional de propor\u00e7\u00f5es imprevis\u00edveis.<\/p>\n","protected":false},"excerpt":{"rendered":"<p>Os Estados Unidos e Israel lan\u00e7aram, na madrugada deste s\u00e1bado (28 de fevereiro de 2026), uma opera\u00e7\u00e3o militar conjunta de larga escala contra o Ir\u00e3. [&#8230;]<\/p>\n","protected":false},"author":1,"featured_media":4859,"comment_status":"open","ping_status":"open","sticky":false,"template":"","format":"standard","meta":{"_crdt_document":"","_jetpack_memberships_contains_paid_content":false,"footnotes":"","jetpack_publicize_message":"","jetpack_publicize_feature_enabled":true,"jetpack_social_post_already_shared":true,"jetpack_social_options":{"image_generator_settings":{"template":"highway","default_image_id":0,"font":"","enabled":false},"version":2}},"categories":[15],"tags":[],"class_list":["post-4858","post","type-post","status-publish","format-standard","has-post-thumbnail","hentry","category-internacional"],"jetpack_publicize_connections":[],"jetpack_featured_media_url":"https:\/\/i0.wp.com\/oexpressobr.com.br\/wp-content\/uploads\/2026\/02\/IMG-20260228-WA0096.jpg?fit=1600%2C1066&ssl=1","jetpack_likes_enabled":true,"jetpack_sharing_enabled":true,"_links":{"self":[{"href":"https:\/\/oexpressobr.com.br\/index.php?rest_route=\/wp\/v2\/posts\/4858","targetHints":{"allow":["GET"]}}],"collection":[{"href":"https:\/\/oexpressobr.com.br\/index.php?rest_route=\/wp\/v2\/posts"}],"about":[{"href":"https:\/\/oexpressobr.com.br\/index.php?rest_route=\/wp\/v2\/types\/post"}],"author":[{"embeddable":true,"href":"https:\/\/oexpressobr.com.br\/index.php?rest_route=\/wp\/v2\/users\/1"}],"replies":[{"embeddable":true,"href":"https:\/\/oexpressobr.com.br\/index.php?rest_route=%2Fwp%2Fv2%2Fcomments&post=4858"}],"version-history":[{"count":1,"href":"https:\/\/oexpressobr.com.br\/index.php?rest_route=\/wp\/v2\/posts\/4858\/revisions"}],"predecessor-version":[{"id":4860,"href":"https:\/\/oexpressobr.com.br\/index.php?rest_route=\/wp\/v2\/posts\/4858\/revisions\/4860"}],"wp:featuredmedia":[{"embeddable":true,"href":"https:\/\/oexpressobr.com.br\/index.php?rest_route=\/wp\/v2\/media\/4859"}],"wp:attachment":[{"href":"https:\/\/oexpressobr.com.br\/index.php?rest_route=%2Fwp%2Fv2%2Fmedia&parent=4858"}],"wp:term":[{"taxonomy":"category","embeddable":true,"href":"https:\/\/oexpressobr.com.br\/index.php?rest_route=%2Fwp%2Fv2%2Fcategories&post=4858"},{"taxonomy":"post_tag","embeddable":true,"href":"https:\/\/oexpressobr.com.br\/index.php?rest_route=%2Fwp%2Fv2%2Ftags&post=4858"}],"curies":[{"name":"wp","href":"https:\/\/api.w.org\/{rel}","templated":true}]}}