{"id":4861,"date":"2026-02-28T08:44:35","date_gmt":"2026-02-28T11:44:35","guid":{"rendered":"https:\/\/oexpressobr.com.br\/?p=4861"},"modified":"2026-02-28T08:44:38","modified_gmt":"2026-02-28T11:44:38","slug":"zema-utiliza-menos-de-5-do-orcamento-previsto-para-contencao-de-encostas-e-gera-embate-com-governo-federal","status":"publish","type":"post","link":"https:\/\/oexpressobr.com.br\/?p=4861","title":{"rendered":"Zema utiliza menos de 5% do or\u00e7amento previsto para conten\u00e7\u00e3o de encostas e gera embate com governo federal"},"content":{"rendered":"\n<p class=\"wp-block-paragraph\">A gest\u00e3o do governador Romeu Zema (Novo) executou menos de 5% do valor programado anualmente para obras de conten\u00e7\u00e3o de encostas em Minas Gerais entre os anos de 2021 e 2024. O levantamento, baseado em relat\u00f3rios de monitoramento do Plano Plurianual e na Lei Or\u00e7ament\u00e1ria estadual, revela que a paralisia em projetos hist\u00f3ricos tem deixado o estado vulner\u00e1vel a trag\u00e9dias clim\u00e1ticas, como as registradas recentemente na Zona da Mata.<\/p>\n\n\n\n<p class=\"wp-block-paragraph\">\u200bEm 2022, o cen\u00e1rio foi cr\u00edtico: dos R$ 168 milh\u00f5es previstos para interven\u00e7\u00f5es, apenas R$ 2 milh\u00f5es (1,21%) sa\u00edram dos cofres p\u00fablicos. O desempenho seguiu em queda em 2023, com apenas 0,05% de execu\u00e7\u00e3o, e uma leve oscila\u00e7\u00e3o para 4,42% em 2024. No exerc\u00edcio de 2025, os dados parciais at\u00e9 abril indicavam que apenas R$ 150 mil haviam sido investidos de um montante autorizado de R$ 57 milh\u00f5es.<\/p>\n\n\n\n<h3 class=\"wp-block-heading\">\u200bO entrave dos projetos de 2012<\/h3>\n\n\n\n<p class=\"wp-block-paragraph\">\u200bAs obras em quest\u00e3o fazem parte de um pacote aprovado ainda em 2012, no \u00e2mbito do antigo PAC (Programa de Acelera\u00e7\u00e3o do Crescimento), com financiamento do governo federal na modalidade &#8220;a fundo perdido&#8221; \u2014 ou seja, sem necessidade de reembolso pela administra\u00e7\u00e3o estadual. Das 12 iniciativas previstas para 18 munic\u00edpios mineiros, apenas duas avan\u00e7aram significativamente: as obras em Muria\u00e9 (76% conclu\u00edda) e Al\u00e9m Para\u00edba (66%), ambas na Zona da Mata.<\/p>\n\n\n\n<p class=\"wp-block-paragraph\">\u200bCidades como Cataguases, apontada como priorit\u00e1ria no ranking de riscos, sofrem com o &#8220;apag\u00e3o&#8221; de investimentos. Uma licita\u00e7\u00e3o para o munic\u00edpio chegou a ser homologada em 2021, mas foi cancelada devido \u00e0 necessidade de ajustes t\u00e9cnicos no projeto, e novos certames n\u00e3o atra\u00edram interessados ou foram revogados por inconsist\u00eancias jur\u00eddicas.<\/p>\n\n\n\n<h3 class=\"wp-block-heading\">\u200bOutro lado: heran\u00e7a e burocracia<\/h3>\n\n\n\n<p class=\"wp-block-paragraph\">\u200bO Governo de Minas Gerais defende-se afirmando que herdou um conjunto de projetos &#8220;paralisados e tecnicamente defasados&#8221;. Segundo a atual gest\u00e3o, a necessidade de atualiza\u00e7\u00e3o de planilhas e adequa\u00e7\u00e3o \u00e0s novas exig\u00eancias dos \u00f3rg\u00e3os de controle retardou o in\u00edcio das interven\u00e7\u00f5es. O estado prev\u00ea que, com a supera\u00e7\u00e3o desses entraves, mais de R$ 100 milh\u00f5es sejam investidos ao longo deste ano para destravar os canteiros.<\/p>\n\n\n\n<h3 class=\"wp-block-heading\">\u200bPress\u00e3o e cr\u00edticas federais<\/h3>\n\n\n\n<p class=\"wp-block-paragraph\">\u200bA baixa execu\u00e7\u00e3o or\u00e7ament\u00e1ria tornou-se combust\u00edvel para cr\u00edticas pol\u00edticas. O presidente Luiz In\u00e1cio Lula da Silva, em agendas recentes, apontou que Minas Gerais tem \u00e0 disposi\u00e7\u00e3o cerca de R$ 3,5 bilh\u00f5es no Novo PAC para conten\u00e7\u00e3o de encostas e macrodrenagem, mas argumentou que a falta de projetos consistentes por parte do estado impede a libera\u00e7\u00e3o c\u00e9lere dos recursos.<\/p>\n\n\n\n<p class=\"wp-block-paragraph\">\u200bEnquanto o embate t\u00e9cnico e pol\u00edtico persiste, a realidade no interior do estado \u00e9 de urg\u00eancia. Recentemente, cidades como Juiz de Fora e Ub\u00e1 registraram dezenas de mortes e centenas de desabrigados devido a deslizamentos, refor\u00e7ando a cobran\u00e7a por obras preventivas que, embora or\u00e7adas h\u00e1 mais de uma d\u00e9cada, ainda n\u00e3o sa\u00edram do papel.<\/p>\n","protected":false},"excerpt":{"rendered":"<p>A gest\u00e3o do governador Romeu Zema (Novo) executou menos de 5% do valor programado anualmente para obras de conten\u00e7\u00e3o de encostas em Minas Gerais entre [&#8230;]<\/p>\n","protected":false},"author":1,"featured_media":4862,"comment_status":"open","ping_status":"open","sticky":false,"template":"","format":"standard","meta":{"_crdt_document":"","_jetpack_memberships_contains_paid_content":false,"footnotes":"","jetpack_publicize_message":"","jetpack_publicize_feature_enabled":true,"jetpack_social_post_already_shared":true,"jetpack_social_options":{"image_generator_settings":{"template":"highway","default_image_id":0,"font":"","enabled":false},"version":2}},"categories":[3],"tags":[],"class_list":["post-4861","post","type-post","status-publish","format-standard","has-post-thumbnail","hentry","category-brasil"],"jetpack_publicize_connections":[],"jetpack_featured_media_url":"https:\/\/i0.wp.com\/oexpressobr.com.br\/wp-content\/uploads\/2026\/02\/169185122164d799d540d5a_1691851221_3x2_xl.jpg?fit=1200%2C800&ssl=1","jetpack_likes_enabled":true,"jetpack_sharing_enabled":true,"_links":{"self":[{"href":"https:\/\/oexpressobr.com.br\/index.php?rest_route=\/wp\/v2\/posts\/4861","targetHints":{"allow":["GET"]}}],"collection":[{"href":"https:\/\/oexpressobr.com.br\/index.php?rest_route=\/wp\/v2\/posts"}],"about":[{"href":"https:\/\/oexpressobr.com.br\/index.php?rest_route=\/wp\/v2\/types\/post"}],"author":[{"embeddable":true,"href":"https:\/\/oexpressobr.com.br\/index.php?rest_route=\/wp\/v2\/users\/1"}],"replies":[{"embeddable":true,"href":"https:\/\/oexpressobr.com.br\/index.php?rest_route=%2Fwp%2Fv2%2Fcomments&post=4861"}],"version-history":[{"count":1,"href":"https:\/\/oexpressobr.com.br\/index.php?rest_route=\/wp\/v2\/posts\/4861\/revisions"}],"predecessor-version":[{"id":4863,"href":"https:\/\/oexpressobr.com.br\/index.php?rest_route=\/wp\/v2\/posts\/4861\/revisions\/4863"}],"wp:featuredmedia":[{"embeddable":true,"href":"https:\/\/oexpressobr.com.br\/index.php?rest_route=\/wp\/v2\/media\/4862"}],"wp:attachment":[{"href":"https:\/\/oexpressobr.com.br\/index.php?rest_route=%2Fwp%2Fv2%2Fmedia&parent=4861"}],"wp:term":[{"taxonomy":"category","embeddable":true,"href":"https:\/\/oexpressobr.com.br\/index.php?rest_route=%2Fwp%2Fv2%2Fcategories&post=4861"},{"taxonomy":"post_tag","embeddable":true,"href":"https:\/\/oexpressobr.com.br\/index.php?rest_route=%2Fwp%2Fv2%2Ftags&post=4861"}],"curies":[{"name":"wp","href":"https:\/\/api.w.org\/{rel}","templated":true}]}}