{"id":4873,"date":"2026-03-01T06:27:07","date_gmt":"2026-03-01T09:27:07","guid":{"rendered":"https:\/\/oexpressobr.com.br\/?p=4873"},"modified":"2026-03-01T06:27:11","modified_gmt":"2026-03-01T09:27:11","slug":"curitiba-garante-r-142-milhoes-a-futura-gestora-da-celepar-antes-mesmo-de-leilao-estadual","status":"publish","type":"post","link":"https:\/\/oexpressobr.com.br\/?p=4873","title":{"rendered":"Curitiba garante R$ 142 milh\u00f5es \u00e0 futura gestora da Celepar antes mesmo de leil\u00e3o estadual"},"content":{"rendered":"\n<p class=\"wp-block-paragraph\">\u200bA gest\u00e3o do prefeito Eduardo Pimentel (PSD) oficializou o Contrato 27328, que assegura o repasse de <strong>R$ 142 milh\u00f5es<\/strong> para a empresa que arrematar a Celepar (Companhia de Tecnologia da Informa\u00e7\u00e3o e Comunica\u00e7\u00e3o do Paran\u00e1). O movimento ocorre em meio ao processo de desestatiza\u00e7\u00e3o conduzido pelo governador Ratinho Jr. (PSD), levantando questionamentos sobre o uso de recursos p\u00fablicos para pavimentar a lucratividade do setor privado.<\/p>\n\n\n\n<h3 class=\"wp-block-heading\">\u200bO cronograma do &#8220;lucro garantido&#8221;<\/h3>\n\n\n\n<p class=\"wp-block-paragraph\">\u200bO que chama a aten\u00e7\u00e3o de especialistas e da oposi\u00e7\u00e3o s\u00e3o as datas que comp\u00f5em o tabuleiro pol\u00edtico e financeiro desta opera\u00e7\u00e3o. O desenho sugere uma blindagem financeira para o futuro comprador da estatal antes mesmo da batida do martelo na Bolsa de Valores (B3).<\/p>\n\n\n\n<ul class=\"wp-block-list\">\n<li>\u200b<strong>12 de janeiro:<\/strong> Assinatura do contrato bilion\u00e1rio pela Prefeitura de Curitiba.<\/li>\n\n\n\n<li>\u200b<strong>17 de mar\u00e7o:<\/strong> Data prevista para o leil\u00e3o da Celepar pelo Governo do Estado.<\/li>\n\n\n\n<li>\u200b<strong>Abril:<\/strong> In\u00edcio da presta\u00e7\u00e3o de servi\u00e7os da nova gest\u00e3o privada para o munic\u00edpio.<\/li>\n<\/ul>\n\n\n\n<h3 class=\"wp-block-heading\">\u200bMultas de tr\u00e2nsito como lastro financeiro<\/h3>\n\n\n\n<p class=\"wp-block-paragraph\">\u200bO montante de R$ 142 milh\u00f5es n\u00e3o sair\u00e1 de um fundo gen\u00e9rico, mas sim da arrecada\u00e7\u00e3o direta do munic\u00edpio, incluindo o processamento de <strong>multas de tr\u00e2nsito<\/strong>. Na pr\u00e1tica, o cidad\u00e3o curitibano que paga suas infra\u00e7\u00f5es estar\u00e1 alimentando o faturamento de uma empresa que, at\u00e9 o momento da assinatura do contrato, sequer havia sido definida.<\/p>\n\n\n\n<p class=\"wp-block-paragraph\">\u200bA Celepar, que historicamente atua como o c\u00e9rebro tecnol\u00f3gico do Paran\u00e1, det\u00e9m dados sens\u00edveis de milh\u00f5es de paranaenses. A venda da companhia \u00e9 uma das bandeiras da gest\u00e3o Ratinho Jr., sob a justificativa de moderniza\u00e7\u00e3o e efici\u00eancia. No entanto, a garantia de contratos vultosos por parte da Prefeitura de Curitiba \u2014 liderada pelo aliado pol\u00edtico Pimentel \u2014 \u00e9 vista por cr\u00edticos como um &#8220;cashback&#8221; antecipado, diminuindo o risco do investidor e onerando o caixa da capital.<\/p>\n\n\n\n<h3 class=\"wp-block-heading\">\u200bO que dizem os envolvidos<\/h3>\n\n\n\n<p class=\"wp-block-paragraph\">\u200bAt\u00e9 o momento, a Prefeitura de Curitiba sustenta que os contratos visam a continuidade de servi\u00e7os essenciais de tecnologia e processamento de dados, fundamentais para a administra\u00e7\u00e3o p\u00fablica. J\u00e1 o Governo do Estado defende que a privatiza\u00e7\u00e3o trar\u00e1 investimentos que a m\u00e1quina p\u00fablica n\u00e3o teria capacidade de realizar.<\/p>\n\n\n\n<blockquote class=\"wp-block-quote is-layout-flow wp-block-quote-is-layout-flow\">\n<p class=\"wp-block-paragraph\">\u200b&#8221;\u00c9 uma engenharia financeira onde o risco \u00e9 p\u00fablico e o lucro \u00e9 estritamente privado,&#8221; afirmam parlamentares da oposi\u00e7\u00e3o na C\u00e2mara Municipal, que prometem levar o caso aos \u00f3rg\u00e3os de controle.<\/p>\n<\/blockquote>\n","protected":false},"excerpt":{"rendered":"<p>\u200bA gest\u00e3o do prefeito Eduardo Pimentel (PSD) oficializou o Contrato 27328, que assegura o repasse de R$ 142 milh\u00f5es para a empresa que arrematar a [&#8230;]<\/p>\n","protected":false},"author":1,"featured_media":4874,"comment_status":"open","ping_status":"open","sticky":false,"template":"","format":"standard","meta":{"_crdt_document":"","_jetpack_memberships_contains_paid_content":false,"footnotes":"","jetpack_publicize_message":"","jetpack_publicize_feature_enabled":true,"jetpack_social_post_already_shared":true,"jetpack_social_options":{"image_generator_settings":{"template":"highway","default_image_id":0,"font":"","enabled":false},"version":2}},"categories":[5],"tags":[],"class_list":["post-4873","post","type-post","status-publish","format-standard","has-post-thumbnail","hentry","category-parana"],"jetpack_publicize_connections":[],"jetpack_featured_media_url":"https:\/\/i0.wp.com\/oexpressobr.com.br\/wp-content\/uploads\/2026\/03\/images30.jpg?fit=640%2C479&ssl=1","jetpack_likes_enabled":true,"jetpack_sharing_enabled":true,"_links":{"self":[{"href":"https:\/\/oexpressobr.com.br\/index.php?rest_route=\/wp\/v2\/posts\/4873","targetHints":{"allow":["GET"]}}],"collection":[{"href":"https:\/\/oexpressobr.com.br\/index.php?rest_route=\/wp\/v2\/posts"}],"about":[{"href":"https:\/\/oexpressobr.com.br\/index.php?rest_route=\/wp\/v2\/types\/post"}],"author":[{"embeddable":true,"href":"https:\/\/oexpressobr.com.br\/index.php?rest_route=\/wp\/v2\/users\/1"}],"replies":[{"embeddable":true,"href":"https:\/\/oexpressobr.com.br\/index.php?rest_route=%2Fwp%2Fv2%2Fcomments&post=4873"}],"version-history":[{"count":1,"href":"https:\/\/oexpressobr.com.br\/index.php?rest_route=\/wp\/v2\/posts\/4873\/revisions"}],"predecessor-version":[{"id":4875,"href":"https:\/\/oexpressobr.com.br\/index.php?rest_route=\/wp\/v2\/posts\/4873\/revisions\/4875"}],"wp:featuredmedia":[{"embeddable":true,"href":"https:\/\/oexpressobr.com.br\/index.php?rest_route=\/wp\/v2\/media\/4874"}],"wp:attachment":[{"href":"https:\/\/oexpressobr.com.br\/index.php?rest_route=%2Fwp%2Fv2%2Fmedia&parent=4873"}],"wp:term":[{"taxonomy":"category","embeddable":true,"href":"https:\/\/oexpressobr.com.br\/index.php?rest_route=%2Fwp%2Fv2%2Fcategories&post=4873"},{"taxonomy":"post_tag","embeddable":true,"href":"https:\/\/oexpressobr.com.br\/index.php?rest_route=%2Fwp%2Fv2%2Ftags&post=4873"}],"curies":[{"name":"wp","href":"https:\/\/api.w.org\/{rel}","templated":true}]}}