{"id":4876,"date":"2026-03-01T06:35:57","date_gmt":"2026-03-01T09:35:57","guid":{"rendered":"https:\/\/oexpressobr.com.br\/?p=4876"},"modified":"2026-03-01T06:36:02","modified_gmt":"2026-03-01T09:36:02","slug":"trump-indica-sucessor-para-lideranca-do-ira-apos-confirmar-morte-de-khamenei-em-ataques","status":"publish","type":"post","link":"https:\/\/oexpressobr.com.br\/?p=4876","title":{"rendered":"Trump indica sucessor para lideran\u00e7a do Ir\u00e3 ap\u00f3s confirmar morte de Khamenei em ataques"},"content":{"rendered":"\n<p class=\"wp-block-paragraph\">Em uma reviravolta dram\u00e1tica no cen\u00e1rio geopol\u00edtico global, o presidente <strong>Donald Trump<\/strong> afirmou, em entrevista exclusiva \u00e0 rede <strong>ABC News<\/strong> neste s\u00e1bado (28 de fevereiro de 2026), que os Estados Unidos j\u00e1 identificaram um nome para assumir o comando do <strong>Ir\u00e3<\/strong>. A declara\u00e7\u00e3o ocorre poucas horas ap\u00f3s o governo americano e fontes israelenses confirmarem a morte do l\u00edder supremo, o aiatol\u00e1 <strong>Ali Khamenei<\/strong>, durante uma massiva opera\u00e7\u00e3o militar conjunta no pa\u00eds persa.<\/p>\n\n\n\n<p class=\"wp-block-paragraph\">\u200bQuestionado pela correspondente Rachel Scott sobre quem poderia preencher o v\u00e1cuo de poder em Teer\u00e3, Trump foi direto: &#8220;Sim, temos uma ideia muito boa [de quem ser\u00e1 o sucessor]&#8221;. Embora n\u00e3o tenha revelado a identidade do escolhido, o presidente sugeriu que a mudan\u00e7a faz parte de uma estrat\u00e9gia para &#8220;devolver o pa\u00eds ao seu povo&#8221;.<\/p>\n\n\n\n<h3 class=\"wp-block-heading\">\u200bOfensiva sem prazo para terminar<\/h3>\n\n\n\n<p class=\"wp-block-paragraph\">\u200bDurante a entrevista, o republicano adotou um tom assertivo sobre a continuidade das opera\u00e7\u00f5es militares, que visam desmantelar a infraestrutura nuclear e o aparato de repress\u00e3o da Rep\u00fablica Isl\u00e2mica.<\/p>\n\n\n\n<ul class=\"wp-block-list\">\n<li>\u200b<strong>Dura\u00e7\u00e3o das opera\u00e7\u00f5es:<\/strong> Ao ser indagado sobre at\u00e9 quando os bombardeios continuariam, Trump disparou: <strong>&#8220;O tanto que n\u00f3s quisermos, na verdade&#8221;<\/strong>.<\/li>\n\n\n\n<li>\u200b<strong>Baixas no regime:<\/strong> O presidente reiterou que a c\u00fapula do governo iraniano foi severamente atingida. &#8220;Boa parte da lideran\u00e7a j\u00e1 se foi. Eles est\u00e3o incapacitados&#8221;, afirmou, referindo-se aos ataques que atingiram complexos do governo e da Guarda Revolucion\u00e1ria.<\/li>\n<\/ul>\n\n\n\n<h3 class=\"wp-block-heading\">\u200bRea\u00e7\u00f5es e contexto<\/h3>\n\n\n\n<p class=\"wp-block-paragraph\">\u200bA morte de Khamenei, descrita por Trump em suas redes sociais como &#8220;a maior chance para o povo iraniano retomar seu pa\u00eds&#8221;, gerou rea\u00e7\u00f5es imediatas ao redor do mundo. Enquanto aliados como Israel e o presidente argentino Javier Milei celebraram o desfecho da opera\u00e7\u00e3o, pot\u00eancias como a China iniciaram a evacua\u00e7\u00e3o de seus cidad\u00e3os do territ\u00f3rio iraniano, temendo uma escalada ainda maior.<\/p>\n\n\n\n<p class=\"wp-block-paragraph\">\u200bInternamente, Trump defendeu que a interven\u00e7\u00e3o possui um car\u00e1ter &#8220;humanit\u00e1rio&#8221;, alegando que o alvo \u00e9 o sistema de opress\u00e3o dos aiatol\u00e1s e n\u00e3o a popula\u00e7\u00e3o civil. Contudo, a movimenta\u00e7\u00e3o de indicar um sucessor j\u00e1 levanta debates sobre a soberania iraniana e a forma\u00e7\u00e3o de um novo governo sob influ\u00eancia direta de Washington.<\/p>\n","protected":false},"excerpt":{"rendered":"<p>Em uma reviravolta dram\u00e1tica no cen\u00e1rio geopol\u00edtico global, o presidente Donald Trump afirmou, em entrevista exclusiva \u00e0 rede ABC News neste s\u00e1bado (28 de fevereiro [&#8230;]<\/p>\n","protected":false},"author":1,"featured_media":4877,"comment_status":"open","ping_status":"open","sticky":false,"template":"","format":"standard","meta":{"_crdt_document":"","_jetpack_memberships_contains_paid_content":false,"footnotes":"","jetpack_publicize_message":"","jetpack_publicize_feature_enabled":true,"jetpack_social_post_already_shared":true,"jetpack_social_options":{"image_generator_settings":{"template":"highway","default_image_id":0,"font":"","enabled":false},"version":2}},"categories":[15],"tags":[],"class_list":["post-4876","post","type-post","status-publish","format-standard","has-post-thumbnail","hentry","category-internacional"],"jetpack_publicize_connections":[],"jetpack_featured_media_url":"https:\/\/i0.wp.com\/oexpressobr.com.br\/wp-content\/uploads\/2026\/03\/177231584569a364c5e5d10_1772315845_3x2_lg.jpg?fit=1024%2C683&ssl=1","jetpack_likes_enabled":true,"jetpack_sharing_enabled":true,"_links":{"self":[{"href":"https:\/\/oexpressobr.com.br\/index.php?rest_route=\/wp\/v2\/posts\/4876","targetHints":{"allow":["GET"]}}],"collection":[{"href":"https:\/\/oexpressobr.com.br\/index.php?rest_route=\/wp\/v2\/posts"}],"about":[{"href":"https:\/\/oexpressobr.com.br\/index.php?rest_route=\/wp\/v2\/types\/post"}],"author":[{"embeddable":true,"href":"https:\/\/oexpressobr.com.br\/index.php?rest_route=\/wp\/v2\/users\/1"}],"replies":[{"embeddable":true,"href":"https:\/\/oexpressobr.com.br\/index.php?rest_route=%2Fwp%2Fv2%2Fcomments&post=4876"}],"version-history":[{"count":1,"href":"https:\/\/oexpressobr.com.br\/index.php?rest_route=\/wp\/v2\/posts\/4876\/revisions"}],"predecessor-version":[{"id":4878,"href":"https:\/\/oexpressobr.com.br\/index.php?rest_route=\/wp\/v2\/posts\/4876\/revisions\/4878"}],"wp:featuredmedia":[{"embeddable":true,"href":"https:\/\/oexpressobr.com.br\/index.php?rest_route=\/wp\/v2\/media\/4877"}],"wp:attachment":[{"href":"https:\/\/oexpressobr.com.br\/index.php?rest_route=%2Fwp%2Fv2%2Fmedia&parent=4876"}],"wp:term":[{"taxonomy":"category","embeddable":true,"href":"https:\/\/oexpressobr.com.br\/index.php?rest_route=%2Fwp%2Fv2%2Fcategories&post=4876"},{"taxonomy":"post_tag","embeddable":true,"href":"https:\/\/oexpressobr.com.br\/index.php?rest_route=%2Fwp%2Fv2%2Ftags&post=4876"}],"curies":[{"name":"wp","href":"https:\/\/api.w.org\/{rel}","templated":true}]}}