{"id":4879,"date":"2026-03-01T06:47:07","date_gmt":"2026-03-01T09:47:07","guid":{"rendered":"https:\/\/oexpressobr.com.br\/?p=4879"},"modified":"2026-03-01T06:47:11","modified_gmt":"2026-03-01T09:47:11","slug":"trump-ameaca-ira-com-forca-nunca-vista-apos-morte-de-khamenei-e-retaliacoes-na-regiao","status":"publish","type":"post","link":"https:\/\/oexpressobr.com.br\/?p=4879","title":{"rendered":"Trump amea\u00e7a Ir\u00e3 com for\u00e7a &#8220;nunca vista&#8221; ap\u00f3s morte de Khamenei e retalia\u00e7\u00f5es na regi\u00e3o"},"content":{"rendered":"\n<p class=\"wp-block-paragraph\">Neste domingo (1\u00ba), o cen\u00e1rio no Oriente M\u00e9dio atingiu um n\u00edvel cr\u00edtico de tens\u00e3o ap\u00f3s o presidente dos Estados Unidos, <strong>Donald Trump<\/strong>, utilizar suas redes sociais para enviar um aviso direto e severo a Teer\u00e3. O pronunciamento ocorre em um momento de extrema volatilidade, logo ap\u00f3s a confirma\u00e7\u00e3o da morte do L\u00edder Supremo do Ir\u00e3, <strong>Ayatollah Ali Khamenei<\/strong>, em uma opera\u00e7\u00e3o conjunta entre EUA e Israel.<\/p>\n\n\n\n<h3 class=\"wp-block-heading\">\u200bA escalada das amea\u00e7as<\/h3>\n\n\n\n<p class=\"wp-block-paragraph\">\u200bAtrav\u00e9s da rede Truth Social, Trump reagiu \u00e0s promessas de vingan\u00e7a feitas pelas autoridades iranianas. O presidente americano foi enf\u00e1tico ao afirmar que qualquer tentativa de revide ser\u00e1 respondida com um poderio militar esmagador:<\/p>\n\n\n\n<blockquote class=\"wp-block-quote is-layout-flow wp-block-quote-is-layout-flow\">\n<p class=\"wp-block-paragraph\">\u200b&#8221;O Ir\u00e3 acaba de declarar que vai atacar com muita for\u00e7a, mais forte do que jamais atacou antes. \u00c9 melhor que n\u00e3o fa\u00e7am isso, porque se fizerem, n\u00f3s os atingiremos com uma for\u00e7a nunca vista antes.&#8221;<\/p>\n<\/blockquote>\n\n\n\n<h3 class=\"wp-block-heading\">\u200bO contexto do conflito em 2026<\/h3>\n\n\n\n<p class=\"wp-block-paragraph\">\u200bA crise atual, que analistas j\u00e1 classificam como a mais grave em d\u00e9cadas, foi desencadeada por uma s\u00e9rie de eventos militares de larga escala:<\/p>\n\n\n\n<ul class=\"wp-block-list\">\n<li>\u200b<strong>Opera\u00e7\u00e3o Epic Fury:<\/strong> O Pent\u00e1gono confirmou que as for\u00e7as americanas e israelenses (sob o codinome <em>Opera\u00e7\u00e3o Lion\u2019s Roar<\/em>) lan\u00e7aram ataques de precis\u00e3o contra instala\u00e7\u00f5es nucleares, sistemas de defesa a\u00e9rea e bases de m\u00edsseis bal\u00edsticos em solo iraniano.<\/li>\n\n\n\n<li>\u200b<strong>Morte de Khamenei:<\/strong> Ap\u00f3s incertezas iniciais, a m\u00eddia estatal iraniana confirmou neste domingo a morte de Ali Khamenei, declarando 40 dias de luto oficial e prometendo uma &#8220;retalia\u00e7\u00e3o sem linhas vermelhas&#8221;.<\/li>\n\n\n\n<li>\u200b<strong>Retalia\u00e7\u00e3o imediata:<\/strong> Nas \u00faltimas 24 horas, o Ir\u00e3 disparou salvas de m\u00edsseis contra Israel e bases americanas no Catar, Kuwait e Bahrein. Relatos indicam danos no Aeroporto Internacional de Dubai e feridos em diversos pontos da regi\u00e3o.<\/li>\n<\/ul>\n\n\n\n<h3 class=\"wp-block-heading\">\u200bRea\u00e7\u00f5es internacionais e riscos globais<\/h3>\n\n\n\n<p class=\"wp-block-paragraph\">\u200bEnquanto o governo de <strong>Benjamin Netanyahu<\/strong> afirma que a opera\u00e7\u00e3o visa libertar o povo iraniano do &#8220;jugo do regime&#8221;, a comunidade internacional observa com temor. No Congresso dos EUA, vozes como as dos senadores <strong>Tim Kaine<\/strong> e <strong>Rand Paul<\/strong> criticam a a\u00e7\u00e3o, chamando-a de &#8220;erro colossal&#8221; e questionando a legalidade da guerra sem aprova\u00e7\u00e3o legislativa.<\/p>\n\n\n\n<p class=\"wp-block-paragraph\">\u200bNo campo econ\u00f4mico, o risco de fechamento do <strong>Estreito de Hormuz<\/strong>, por onde passa 20% do petr\u00f3leo mundial, j\u00e1 causa instabilidade nos mercados globais.<\/p>\n","protected":false},"excerpt":{"rendered":"<p>Neste domingo (1\u00ba), o cen\u00e1rio no Oriente M\u00e9dio atingiu um n\u00edvel cr\u00edtico de tens\u00e3o ap\u00f3s o presidente dos Estados Unidos, Donald Trump, utilizar suas redes [&#8230;]<\/p>\n","protected":false},"author":1,"featured_media":4880,"comment_status":"open","ping_status":"open","sticky":false,"template":"","format":"standard","meta":{"_crdt_document":"","_jetpack_memberships_contains_paid_content":false,"footnotes":"","jetpack_publicize_message":"","jetpack_publicize_feature_enabled":true,"jetpack_social_post_already_shared":true,"jetpack_social_options":{"image_generator_settings":{"template":"highway","default_image_id":0,"font":"","enabled":false},"version":2}},"categories":[15],"tags":[],"class_list":["post-4879","post","type-post","status-publish","format-standard","has-post-thumbnail","hentry","category-internacional"],"jetpack_publicize_connections":[],"jetpack_featured_media_url":"https:\/\/i0.wp.com\/oexpressobr.com.br\/wp-content\/uploads\/2026\/03\/IMG-20260301-WA0161.jpg?fit=1080%2C1350&ssl=1","jetpack_likes_enabled":true,"jetpack_sharing_enabled":true,"_links":{"self":[{"href":"https:\/\/oexpressobr.com.br\/index.php?rest_route=\/wp\/v2\/posts\/4879","targetHints":{"allow":["GET"]}}],"collection":[{"href":"https:\/\/oexpressobr.com.br\/index.php?rest_route=\/wp\/v2\/posts"}],"about":[{"href":"https:\/\/oexpressobr.com.br\/index.php?rest_route=\/wp\/v2\/types\/post"}],"author":[{"embeddable":true,"href":"https:\/\/oexpressobr.com.br\/index.php?rest_route=\/wp\/v2\/users\/1"}],"replies":[{"embeddable":true,"href":"https:\/\/oexpressobr.com.br\/index.php?rest_route=%2Fwp%2Fv2%2Fcomments&post=4879"}],"version-history":[{"count":1,"href":"https:\/\/oexpressobr.com.br\/index.php?rest_route=\/wp\/v2\/posts\/4879\/revisions"}],"predecessor-version":[{"id":4881,"href":"https:\/\/oexpressobr.com.br\/index.php?rest_route=\/wp\/v2\/posts\/4879\/revisions\/4881"}],"wp:featuredmedia":[{"embeddable":true,"href":"https:\/\/oexpressobr.com.br\/index.php?rest_route=\/wp\/v2\/media\/4880"}],"wp:attachment":[{"href":"https:\/\/oexpressobr.com.br\/index.php?rest_route=%2Fwp%2Fv2%2Fmedia&parent=4879"}],"wp:term":[{"taxonomy":"category","embeddable":true,"href":"https:\/\/oexpressobr.com.br\/index.php?rest_route=%2Fwp%2Fv2%2Fcategories&post=4879"},{"taxonomy":"post_tag","embeddable":true,"href":"https:\/\/oexpressobr.com.br\/index.php?rest_route=%2Fwp%2Fv2%2Ftags&post=4879"}],"curies":[{"name":"wp","href":"https:\/\/api.w.org\/{rel}","templated":true}]}}