{"id":4882,"date":"2026-03-02T05:33:32","date_gmt":"2026-03-02T08:33:32","guid":{"rendered":"https:\/\/oexpressobr.com.br\/?p=4882"},"modified":"2026-03-02T05:33:36","modified_gmt":"2026-03-02T08:33:36","slug":"simone-mendes-escapa-de-incendio-em-hotel-de-luxo-em-dubai-apos-ataque-na-regiao","status":"publish","type":"post","link":"https:\/\/oexpressobr.com.br\/?p=4882","title":{"rendered":"Simone Mendes escapa de inc\u00eandio em hotel de luxo em Dubai ap\u00f3s ataque na regi\u00e3o"},"content":{"rendered":"\n<p class=\"wp-block-paragraph\">A cantora sertaneja <strong>Simone Mendes<\/strong> relatou momentos de p\u00e2nico e al\u00edvio ao descobrir que o hotel onde estava hospedada com sua fam\u00edlia em <strong>Dubai<\/strong>, nos Emirados \u00c1rabes Unidos, foi atingido por um inc\u00eandio no \u00faltimo s\u00e1bado (28). O incidente ocorreu poucas horas ap\u00f3s a artista deixar o pa\u00eds rumo ao Brasil, em meio a uma escalada de tens\u00f5es militares no Oriente M\u00e9dio.<\/p>\n\n\n\n<h3 class=\"wp-block-heading\">\u200bDetalhes do incidente e contexto regional<\/h3>\n\n\n\n<p class=\"wp-block-paragraph\">\u200bO fogo atingiu o hotel de luxo <strong>Fairmont The Palm<\/strong>, localizado em <strong>Palm Jumeirah<\/strong>, uma das \u00e1reas mais exclusivas de Dubai. Segundo informa\u00e7\u00f5es da Defesa Civil local e ag\u00eancias internacionais como a Reuters, o inc\u00eandio deixou ao menos <strong>quatro pessoas feridas<\/strong>.<\/p>\n\n\n\n<p class=\"wp-block-paragraph\">\u200bO epis\u00f3dio coincidiu com um dia de intensa atividade militar na regi\u00e3o, envolvendo ataques coordenados entre <strong>Estados Unidos, Israel e Ir\u00e3<\/strong>. Relatos iniciais indicam que o pr\u00e9dio pode ter sido atingido por destro\u00e7os de um drone interceptado ou reflexos de m\u00edsseis lan\u00e7ados durante o conflito.<\/p>\n\n\n\n<h3 class=\"wp-block-heading\">\u200bRelato da cantora<\/h3>\n\n\n\n<p class=\"wp-block-paragraph\">\u200bJ\u00e1 em solo brasileiro, Simone usou suas redes sociais para desabafar sobre o &#8220;livramento&#8221; que sentiu ao saber da not\u00edcia:<\/p>\n\n\n\n<blockquote class=\"wp-block-quote is-layout-flow wp-block-quote-is-layout-flow\">\n<p class=\"wp-block-paragraph\">\u200b&#8221;Tem horas em que a ficha come\u00e7a a cair. D\u00e1 um p\u00e2nico, um aperto no cora\u00e7\u00e3o de imaginar que voc\u00ea podia estar no meio disso tudo. \u00c9 desesperador&#8221;, afirmou a cantora.<\/p>\n<\/blockquote>\n\n\n\n<p class=\"wp-block-paragraph\">\u200bSimone viajava acompanhada do marido, <strong>Kak\u00e1 Diniz<\/strong>, e dos dois filhos do casal. Ela ressaltou que a fam\u00edlia conseguiu embarcar pouco antes do fechamento dos aeroportos na regi\u00e3o devido \u00e0 situa\u00e7\u00e3o de guerra.<\/p>\n\n\n\n<p class=\"wp-block-paragraph\">O governo de Dubai informou que as chamas foram controladas e que investiga\u00e7\u00f5es seguem para determinar a extens\u00e3o dos danos e a origem exata do impacto no edif\u00edcio.<\/p>\n","protected":false},"excerpt":{"rendered":"<p>A cantora sertaneja Simone Mendes relatou momentos de p\u00e2nico e al\u00edvio ao descobrir que o hotel onde estava hospedada com sua fam\u00edlia em Dubai, nos [&#8230;]<\/p>\n","protected":false},"author":1,"featured_media":4883,"comment_status":"open","ping_status":"open","sticky":false,"template":"","format":"standard","meta":{"_crdt_document":"","_jetpack_memberships_contains_paid_content":false,"footnotes":"","jetpack_publicize_message":"","jetpack_publicize_feature_enabled":true,"jetpack_social_post_already_shared":true,"jetpack_social_options":{"image_generator_settings":{"template":"highway","default_image_id":0,"font":"","enabled":false},"version":2}},"categories":[1],"tags":[],"class_list":["post-4882","post","type-post","status-publish","format-standard","has-post-thumbnail","hentry","category-geral"],"jetpack_publicize_connections":[],"jetpack_featured_media_url":"https:\/\/i0.wp.com\/oexpressobr.com.br\/wp-content\/uploads\/2026\/03\/IMG-20260302-WA0219.jpg?fit=984%2C549&ssl=1","jetpack_likes_enabled":true,"jetpack_sharing_enabled":true,"_links":{"self":[{"href":"https:\/\/oexpressobr.com.br\/index.php?rest_route=\/wp\/v2\/posts\/4882","targetHints":{"allow":["GET"]}}],"collection":[{"href":"https:\/\/oexpressobr.com.br\/index.php?rest_route=\/wp\/v2\/posts"}],"about":[{"href":"https:\/\/oexpressobr.com.br\/index.php?rest_route=\/wp\/v2\/types\/post"}],"author":[{"embeddable":true,"href":"https:\/\/oexpressobr.com.br\/index.php?rest_route=\/wp\/v2\/users\/1"}],"replies":[{"embeddable":true,"href":"https:\/\/oexpressobr.com.br\/index.php?rest_route=%2Fwp%2Fv2%2Fcomments&post=4882"}],"version-history":[{"count":1,"href":"https:\/\/oexpressobr.com.br\/index.php?rest_route=\/wp\/v2\/posts\/4882\/revisions"}],"predecessor-version":[{"id":4884,"href":"https:\/\/oexpressobr.com.br\/index.php?rest_route=\/wp\/v2\/posts\/4882\/revisions\/4884"}],"wp:featuredmedia":[{"embeddable":true,"href":"https:\/\/oexpressobr.com.br\/index.php?rest_route=\/wp\/v2\/media\/4883"}],"wp:attachment":[{"href":"https:\/\/oexpressobr.com.br\/index.php?rest_route=%2Fwp%2Fv2%2Fmedia&parent=4882"}],"wp:term":[{"taxonomy":"category","embeddable":true,"href":"https:\/\/oexpressobr.com.br\/index.php?rest_route=%2Fwp%2Fv2%2Fcategories&post=4882"},{"taxonomy":"post_tag","embeddable":true,"href":"https:\/\/oexpressobr.com.br\/index.php?rest_route=%2Fwp%2Fv2%2Ftags&post=4882"}],"curies":[{"name":"wp","href":"https:\/\/api.w.org\/{rel}","templated":true}]}}