{"id":4885,"date":"2026-03-02T05:38:31","date_gmt":"2026-03-02T08:38:31","guid":{"rendered":"https:\/\/oexpressobr.com.br\/?p=4885"},"modified":"2026-03-02T05:38:36","modified_gmt":"2026-03-02T08:38:36","slug":"protesto-em-copacabana-contra-lula-e-ministros-do-stf-reune-47-mil-pessoas","status":"publish","type":"post","link":"https:\/\/oexpressobr.com.br\/?p=4885","title":{"rendered":"Protesto em Copacabana contra Lula e ministros do STF re\u00fane 4,7 mil pessoas"},"content":{"rendered":"\n<p class=\"wp-block-paragraph\">Manifestantes da oposi\u00e7\u00e3o ocuparam a orla de <strong>Copacabana<\/strong>, no Rio de Janeiro, neste domingo (1\u00ba de mar\u00e7o de 2026), em um ato marcado por cr\u00edticas contundentes ao governo do presidente <strong>Luiz In\u00e1cio Lula da Silva<\/strong> e a ministros do <strong>Supremo Tribunal Federal (STF)<\/strong>. Segundo estimativas do Monitor do Debate Pol\u00edtico da USP, o evento reuniu cerca de <strong>4,7 mil pessoas<\/strong> em seu momento de maior concentra\u00e7\u00e3o.<\/p>\n\n\n\n<h3 class=\"wp-block-heading\">\u200bPautas e lideran\u00e7as presentes<\/h3>\n\n\n\n<p class=\"wp-block-paragraph\">\u200bO protesto, parte de uma mobiliza\u00e7\u00e3o nacional intitulada <strong>&#8220;Acorda Brasil&#8221;<\/strong>, foi articulado por lideran\u00e7as da direita, com destaque para o deputado federal <strong>Nikolas Ferreira (PL-MG)<\/strong>. No Rio, a manifesta\u00e7\u00e3o contou com a presen\u00e7a de figuras proeminentes do Partido Liberal (PL), como:<\/p>\n\n\n\n<ul class=\"wp-block-list\">\n<li>\u200b<strong>Carlos Jordy<\/strong> (Deputado Federal)<\/li>\n\n\n\n<li>\u200b<strong>General Pazuello<\/strong> (Deputado Federal)<\/li>\n\n\n\n<li>\u200b<strong>S\u00f3stenes Cavalcanti<\/strong> (Deputado Federal)<\/li>\n\n\n\n<li>\u200b<strong>Carlos Portinho<\/strong> (Senador)<\/li>\n<\/ul>\n\n\n\n<p class=\"wp-block-paragraph\">\u200bAs principais reivindica\u00e7\u00f5es do grupo inclu\u00edram o pedido de <strong>anistia<\/strong> para os envolvidos nos atos de 8 de janeiro e cr\u00edticas \u00e0 condu\u00e7\u00e3o de inqu\u00e9ritos no STF, especialmente citando os ministros <strong>Alexandre de Moraes<\/strong> e <strong>Dias Toffoli<\/strong>. Recentemente, o discurso da oposi\u00e7\u00e3o tamb\u00e9m incorporou cr\u00edticas \u00e0 atua\u00e7\u00e3o do governo e do Judici\u00e1rio no caso envolvendo o <strong>Banco Master<\/strong>, tema que ganhou tra\u00e7\u00e3o nas redes sociais nas \u00faltimas semanas.<\/p>\n\n\n\n<h3 class=\"wp-block-heading\">\u200bContexto e ades\u00e3o<\/h3>\n\n\n\n<p class=\"wp-block-paragraph\">\u200bEmbora a mobiliza\u00e7\u00e3o tenha ocorrido em mais de 20 cidades brasileiras, os n\u00fameros em Copacabana refletem uma ades\u00e3o menor em compara\u00e7\u00e3o a atos hist\u00f3ricos anteriores na mesma localidade.<\/p>\n\n\n\n<blockquote class=\"wp-block-quote is-layout-flow wp-block-quote-is-layout-flow\">\n<p class=\"wp-block-paragraph\"><strong>Nota do Monitor:<\/strong> A contagem de 4,7 mil pessoas foi realizada por meio de software de an\u00e1lise de imagem e possui uma margem de erro de aproximadamente 12%.<\/p>\n<\/blockquote>\n\n\n\n<p class=\"wp-block-paragraph\">\u200bEnquanto o ato no Rio acontecia pela manh\u00e3, outras capitais como <strong>Belo Horizonte<\/strong> e <strong>Bras\u00edlia<\/strong> tamb\u00e9m registraram movimenta\u00e7\u00f5es. Em S\u00e3o Paulo, o protesto na Avenida Paulista ocorreu no per\u00edodo da tarde, reunindo os governadores <strong>Romeu Zema<\/strong> (Minas Gerais) e <strong>Ronaldo Caiado<\/strong> (Goi\u00e1s), al\u00e9m de <strong>Fl\u00e1vio Bolsonaro<\/strong>.<\/p>\n\n\n\n<p class=\"wp-block-paragraph\">\u200bAt\u00e9 o fechamento desta edi\u00e7\u00e3o, o Pal\u00e1cio do Planalto e o Supremo Tribunal Federal n\u00e3o haviam emitido declara\u00e7\u00f5es oficiais sobre as manifesta\u00e7\u00f5es deste domingo.<\/p>\n","protected":false},"excerpt":{"rendered":"<p>Manifestantes da oposi\u00e7\u00e3o ocuparam a orla de Copacabana, no Rio de Janeiro, neste domingo (1\u00ba de mar\u00e7o de 2026), em um ato marcado por cr\u00edticas [&#8230;]<\/p>\n","protected":false},"author":1,"featured_media":4886,"comment_status":"open","ping_status":"open","sticky":false,"template":"","format":"standard","meta":{"_crdt_document":"","_jetpack_memberships_contains_paid_content":false,"footnotes":"","jetpack_publicize_message":"","jetpack_publicize_feature_enabled":true,"jetpack_social_post_already_shared":true,"jetpack_social_options":{"image_generator_settings":{"template":"highway","default_image_id":0,"font":"","enabled":false},"version":2}},"categories":[3],"tags":[],"class_list":["post-4885","post","type-post","status-publish","format-standard","has-post-thumbnail","hentry","category-brasil"],"jetpack_publicize_connections":[],"jetpack_featured_media_url":"https:\/\/i0.wp.com\/oexpressobr.com.br\/wp-content\/uploads\/2026\/03\/IMG-20260302-WA0224.jpg?fit=984%2C738&ssl=1","jetpack_likes_enabled":true,"jetpack_sharing_enabled":true,"_links":{"self":[{"href":"https:\/\/oexpressobr.com.br\/index.php?rest_route=\/wp\/v2\/posts\/4885","targetHints":{"allow":["GET"]}}],"collection":[{"href":"https:\/\/oexpressobr.com.br\/index.php?rest_route=\/wp\/v2\/posts"}],"about":[{"href":"https:\/\/oexpressobr.com.br\/index.php?rest_route=\/wp\/v2\/types\/post"}],"author":[{"embeddable":true,"href":"https:\/\/oexpressobr.com.br\/index.php?rest_route=\/wp\/v2\/users\/1"}],"replies":[{"embeddable":true,"href":"https:\/\/oexpressobr.com.br\/index.php?rest_route=%2Fwp%2Fv2%2Fcomments&post=4885"}],"version-history":[{"count":1,"href":"https:\/\/oexpressobr.com.br\/index.php?rest_route=\/wp\/v2\/posts\/4885\/revisions"}],"predecessor-version":[{"id":4887,"href":"https:\/\/oexpressobr.com.br\/index.php?rest_route=\/wp\/v2\/posts\/4885\/revisions\/4887"}],"wp:featuredmedia":[{"embeddable":true,"href":"https:\/\/oexpressobr.com.br\/index.php?rest_route=\/wp\/v2\/media\/4886"}],"wp:attachment":[{"href":"https:\/\/oexpressobr.com.br\/index.php?rest_route=%2Fwp%2Fv2%2Fmedia&parent=4885"}],"wp:term":[{"taxonomy":"category","embeddable":true,"href":"https:\/\/oexpressobr.com.br\/index.php?rest_route=%2Fwp%2Fv2%2Fcategories&post=4885"},{"taxonomy":"post_tag","embeddable":true,"href":"https:\/\/oexpressobr.com.br\/index.php?rest_route=%2Fwp%2Fv2%2Ftags&post=4885"}],"curies":[{"name":"wp","href":"https:\/\/api.w.org\/{rel}","templated":true}]}}