{"id":489,"date":"2025-12-09T16:29:27","date_gmt":"2025-12-09T19:29:27","guid":{"rendered":"https:\/\/oexpressobr.com.br\/?p=489"},"modified":"2025-12-09T16:29:29","modified_gmt":"2025-12-09T19:29:29","slug":"centrao-fica-em-cima-do-muro-e-flavio-bolsonaro-enfrenta-resistencia-em-busca-de-apoio","status":"publish","type":"post","link":"https:\/\/oexpressobr.com.br\/?p=489","title":{"rendered":"Centr\u00e3o Fica Em Cima Do Muro E Fl\u00e1vio Bolsonaro Enfrenta Resist\u00eancia Em Busca De Apoio"},"content":{"rendered":"\n<p class=\"wp-block-paragraph\">A rec\u00e9m-lan\u00e7ada pr\u00e9-candidatura do senador Fl\u00e1vio Bolsonaro (PL-RJ) \u00e0 Presid\u00eancia da Rep\u00fablica em 2026 encontra forte resist\u00eancia no chamado Centr\u00e3o, que tem evitado endossar de imediato o nome do filho do ex-presidente Jair Bolsonaro. Lideran\u00e7as importantes do bloco n\u00e3o compareceram a uma reuni\u00e3o convocada por Fl\u00e1vio para debater o tema, evidenciando o ceticismo em rela\u00e7\u00e3o \u00e0 sua viabilidade eleitoral e \u00e0 possibilidade de unificar a direita.<\/p>\n\n\n\n<p class=\"wp-block-paragraph\">\u200bFl\u00e1vio Bolsonaro, que anunciou sua inten\u00e7\u00e3o de concorrer ao Pal\u00e1cio do Planalto, promoveu um encontro em Bras\u00edlia para angariar apoio do Centr\u00e3o e de outros expoentes da direita, incluindo presidentes de partidos como PL, Uni\u00e3o Brasil, PP e Republicanos. No entanto, a ades\u00e3o foi marcada por aus\u00eancias e demonstra\u00e7\u00f5es de cautela.<\/p>\n\n\n\n<p class=\"wp-block-paragraph\">\u200bO presidente do Republicanos, Marcos Pereira, por exemplo, informou que n\u00e3o poderia comparecer por estar em S\u00e3o Paulo. O senador Ciro Nogueira (PP-PI), ex-ministro da Casa Civil e figura central do Centr\u00e3o, expressou reservas, afirmando que <strong>&#8220;pol\u00edtica n\u00e3o se faz s\u00f3 com amizades&#8221;<\/strong> e que \u00e9 necess\u00e1ria uma conversa mais ampla entre os partidos da direita para a escolha do candidato.<\/p>\n\n\n\n<p class=\"wp-block-paragraph\">\u200bA postura de Fl\u00e1vio, que logo ap\u00f3s o an\u00fancio de sua pr\u00e9-candidatura admitiu ter um <strong>&#8220;pre\u00e7o&#8221;<\/strong> para n\u00e3o seguir com o projeto at\u00e9 o fim, adicionou combust\u00edvel \u00e0 desconfian\u00e7a. Embora tenha esclarecido posteriormente que o &#8220;pre\u00e7o&#8221; \u00e9 a liberdade e a anistia para Jair Bolsonaro \u2013 tornando a candidatura, segundo ele, &#8220;sem pre\u00e7o&#8221; no sentido financeiro \u2013, a declara\u00e7\u00e3o foi vista por cr\u00edticos como uma admiss\u00e3o precoce de negocia\u00e7\u00e3o, escancarando a estrat\u00e9gia de barganha. Parlamentares e analistas avaliam que o movimento de Fl\u00e1vio visa pressionar por temas como a anistia aos condenados pelos atos golpistas de 8 de janeiro e pelo pr\u00f3prio ex-presidente.<\/p>\n\n\n\n<h3 class=\"wp-block-heading\">\u200bA\u00e7\u00f5es De Fl\u00e1vio Bolsonaro E O Contexto Pol\u00edtico<\/h3>\n\n\n\n<ul class=\"wp-block-list\">\n<li>\u200b<strong>Busca por Apoio:<\/strong> Fl\u00e1vio tem se articulado com Valdemar Costa Neto (PL), Antonio Rueda (Uni\u00e3o Brasil) e Ciro Nogueira (PP), tentando garantir a presen\u00e7a e o apoio dessas siglas.<\/li>\n\n\n\n<li>\u200b<strong>Declara\u00e7\u00e3o do &#8220;Pre\u00e7o&#8221;:<\/strong> O senador indicou que sua perman\u00eancia na disputa est\u00e1 atrelada ao avan\u00e7o das negocia\u00e7\u00f5es de um projeto de anistia no Congresso, o que beneficiaria seu pai, Jair Bolsonaro, condenado a 27 anos de pris\u00e3o por tentativa de golpe de Estado.<\/li>\n\n\n\n<li>\u200b<strong>Resist\u00eancia do Centr\u00e3o:<\/strong> A falta de apoio imediato reflete a avalia\u00e7\u00e3o de que Fl\u00e1vio n\u00e3o teria a capacidade de unificar o eleitorado conservador ou a &#8220;tra\u00e7\u00e3o eleitoral&#8221; de outros nomes, como os governadores Tarc\u00edsio de Freitas (Republicanos) ou Ratinho J\u00fanior (PSD), que ganham for\u00e7a nos bastidores.<\/li>\n\n\n\n<li>\u200b<strong>Manifesta\u00e7\u00f5es de Aliados:<\/strong> Apesar da resist\u00eancia, o governador Tarc\u00edsio de Freitas (Republicanos) afirmou que a pr\u00e9-candidatura de Fl\u00e1vio conta com seu apoio, mas ressaltou que o tempo dir\u00e1 se essa foi a melhor op\u00e7\u00e3o. O ex-presidente Jair Bolsonaro, por sua vez, indicou o filho como seu sucessor.<\/li>\n<\/ul>\n\n\n\n<p class=\"wp-block-paragraph\">\u200bA movimenta\u00e7\u00e3o de Fl\u00e1vio Bolsonaro, considerada por alguns como um &#8220;blefe&#8221; ou &#8220;pastel\u00e3o&#8221;, demonstra as complexas negocia\u00e7\u00f5es e as disputas internas da direita em busca de um nome de consenso para 2026. O Centr\u00e3o, fiel ao seu hist\u00f3rico, prefere manter-se na expectativa, avaliando qual candidato apresentar\u00e1 maior viabilidade e qual &#8220;pre\u00e7o&#8221; pol\u00edtico ser\u00e1 mais vantajoso.<\/p>\n","protected":false},"excerpt":{"rendered":"<p>A rec\u00e9m-lan\u00e7ada pr\u00e9-candidatura do senador Fl\u00e1vio Bolsonaro (PL-RJ) \u00e0 Presid\u00eancia da Rep\u00fablica em 2026 encontra forte resist\u00eancia no chamado Centr\u00e3o, que tem evitado endossar de [&#8230;]<\/p>\n","protected":false},"author":1,"featured_media":490,"comment_status":"open","ping_status":"open","sticky":false,"template":"","format":"standard","meta":{"_crdt_document":"","_jetpack_memberships_contains_paid_content":false,"footnotes":"","jetpack_publicize_message":"","jetpack_publicize_feature_enabled":true,"jetpack_social_post_already_shared":false,"jetpack_social_options":{"image_generator_settings":{"template":"highway","default_image_id":0,"font":"","enabled":false},"version":2}},"categories":[7],"tags":[],"class_list":["post-489","post","type-post","status-publish","format-standard","has-post-thumbnail","hentry","category-politica"],"jetpack_publicize_connections":[],"jetpack_featured_media_url":"https:\/\/i0.wp.com\/oexpressobr.com.br\/wp-content\/uploads\/2025\/12\/Senador-Flavio-Bolsonaro-PL-RJ-fala-com-a-imprensa-sobre-a-candidatura-a-Presidencia-da-Republica-apos-culto-evangelico-na-Hipica-Hall-Metropoles-147-scaled-1.webp?fit=1200%2C800&ssl=1","jetpack_likes_enabled":true,"jetpack_sharing_enabled":true,"_links":{"self":[{"href":"https:\/\/oexpressobr.com.br\/index.php?rest_route=\/wp\/v2\/posts\/489","targetHints":{"allow":["GET"]}}],"collection":[{"href":"https:\/\/oexpressobr.com.br\/index.php?rest_route=\/wp\/v2\/posts"}],"about":[{"href":"https:\/\/oexpressobr.com.br\/index.php?rest_route=\/wp\/v2\/types\/post"}],"author":[{"embeddable":true,"href":"https:\/\/oexpressobr.com.br\/index.php?rest_route=\/wp\/v2\/users\/1"}],"replies":[{"embeddable":true,"href":"https:\/\/oexpressobr.com.br\/index.php?rest_route=%2Fwp%2Fv2%2Fcomments&post=489"}],"version-history":[{"count":0,"href":"https:\/\/oexpressobr.com.br\/index.php?rest_route=\/wp\/v2\/posts\/489\/revisions"}],"wp:featuredmedia":[{"embeddable":true,"href":"https:\/\/oexpressobr.com.br\/index.php?rest_route=\/wp\/v2\/media\/490"}],"wp:attachment":[{"href":"https:\/\/oexpressobr.com.br\/index.php?rest_route=%2Fwp%2Fv2%2Fmedia&parent=489"}],"wp:term":[{"taxonomy":"category","embeddable":true,"href":"https:\/\/oexpressobr.com.br\/index.php?rest_route=%2Fwp%2Fv2%2Fcategories&post=489"},{"taxonomy":"post_tag","embeddable":true,"href":"https:\/\/oexpressobr.com.br\/index.php?rest_route=%2Fwp%2Fv2%2Ftags&post=489"}],"curies":[{"name":"wp","href":"https:\/\/api.w.org\/{rel}","templated":true}]}}