{"id":4891,"date":"2026-03-02T06:17:49","date_gmt":"2026-03-02T09:17:49","guid":{"rendered":"https:\/\/oexpressobr.com.br\/?p=4891"},"modified":"2026-03-02T06:17:53","modified_gmt":"2026-03-02T09:17:53","slug":"colegio-pedro-ii-afasta-alunos-por-suspeita-de-estupro-coletivo","status":"publish","type":"post","link":"https:\/\/oexpressobr.com.br\/?p=4891","title":{"rendered":"Col\u00e9gio Pedro II afasta alunos por suspeita de estupro coletivo"},"content":{"rendered":"\n<p class=\"wp-block-paragraph\">O <strong>Col\u00e9gio Pedro II<\/strong> oficializou o afastamento de quatro estudantes suspeitos de envolvimento em um estupro coletivo ocorrido em um apartamento em <strong>Copacabana<\/strong>, na Zona Sul do Rio de Janeiro. A institui\u00e7\u00e3o reafirmou seu posicionamento contra qualquer tipo de viol\u00eancia, declarando em nota oficial: &#8220;n\u00e3o podemos tolerar a barb\u00e1rie&#8221;.<\/p>\n\n\n\n<p class=\"wp-block-paragraph\">\u200bOs jovens identificados no inqu\u00e9rito policial s\u00e3o:<\/p>\n\n\n\n<ul class=\"wp-block-list\">\n<li>\u200b<strong>Bruno Felipe dos Santos Allegretti<\/strong><\/li>\n\n\n\n<li>\u200b<strong>Vitor Hugo Oliveira Simonin<\/strong><\/li>\n\n\n\n<li>\u200b<strong>Jo\u00e3o Gabriel Xavier<\/strong><\/li>\n\n\n\n<li>\u200b<strong>Matheus Ver\u00edssimo Zoel Martins<\/strong><\/li>\n<\/ul>\n\n\n\n<h3 class=\"wp-block-heading\">\u200bDetalhes da investiga\u00e7\u00e3o e indiciamento<\/h3>\n\n\n\n<p class=\"wp-block-paragraph\">\u200bDe acordo com as investiga\u00e7\u00f5es conduzidas pela <strong>Pol\u00edcia Civil do Estado do Rio de Janeiro<\/strong>, os quatro jovens \u2014 que possuem entre 18 e 19 anos \u2014 foram indiciados pelo crime de estupro coletivo. Al\u00e9m deles, um <strong>adolescente<\/strong> tamb\u00e9m \u00e9 investigado por ato infracional an\u00e1logo ao mesmo crime.<\/p>\n\n\n\n<p class=\"wp-block-paragraph\">\u200bA v\u00edtima, uma adolescente, relatou ter sido impedida de deixar o local e sofrido agress\u00f5es f\u00edsicas. Segundo as atualiza\u00e7\u00f5es mais recentes do caso em <strong>mar\u00e7o de 2026<\/strong>:<\/p>\n\n\n\n<ul class=\"wp-block-list\">\n<li>\u200bA Pol\u00edcia Civil representou pela <strong>pris\u00e3o dos quatro maiores de idade<\/strong> e pela apreens\u00e3o do menor.<\/li>\n\n\n\n<li>\u200bC\u00e2meras de seguran\u00e7a do edif\u00edcio registraram o momento em que a v\u00edtima deixou o im\u00f3vel, acompanhada por um dos suspeitos at\u00e9 o elevador, que retornou ao apartamento fazendo gestos interpretados pelos investigadores como de &#8220;comemora\u00e7\u00e3o&#8221;.<\/li>\n\n\n\n<li>\u200bRelatos apontam que o menor envolvido teria questionado a v\u00edtima sobre as marcas de agress\u00e3o em seu corpo de forma intimidat\u00f3ria.<\/li>\n<\/ul>\n\n\n\n<h3 class=\"wp-block-heading\">\u200bPosicionamento da institui\u00e7\u00e3o<\/h3>\n\n\n\n<p class=\"wp-block-paragraph\">\u200bO Col\u00e9gio Pedro II, uma das institui\u00e7\u00f5es de ensino mais tradicionais do pa\u00eds, destacou que a medida de afastamento visa garantir a seguran\u00e7a da comunidade escolar e colaborar com o processo legal. A dire\u00e7\u00e3o refor\u00e7ou que atitudes dessa gravidade ferem os princ\u00edpios \u00e9ticos e humanos defendidos pela escola.<\/p>\n","protected":false},"excerpt":{"rendered":"<p>O Col\u00e9gio Pedro II oficializou o afastamento de quatro estudantes suspeitos de envolvimento em um estupro coletivo ocorrido em um apartamento em Copacabana, na Zona [&#8230;]<\/p>\n","protected":false},"author":1,"featured_media":4892,"comment_status":"open","ping_status":"open","sticky":false,"template":"","format":"standard","meta":{"_crdt_document":"","_jetpack_memberships_contains_paid_content":false,"footnotes":"","jetpack_publicize_message":"","jetpack_publicize_feature_enabled":true,"jetpack_social_post_already_shared":true,"jetpack_social_options":{"image_generator_settings":{"template":"highway","default_image_id":0,"font":"","enabled":false},"version":2}},"categories":[9],"tags":[],"class_list":["post-4891","post","type-post","status-publish","format-standard","has-post-thumbnail","hentry","category-policia"],"jetpack_publicize_connections":[],"jetpack_featured_media_url":"https:\/\/i0.wp.com\/oexpressobr.com.br\/wp-content\/uploads\/2026\/03\/IMG-20260302-WA0222.jpg?fit=984%2C552&ssl=1","jetpack_likes_enabled":true,"jetpack_sharing_enabled":true,"_links":{"self":[{"href":"https:\/\/oexpressobr.com.br\/index.php?rest_route=\/wp\/v2\/posts\/4891","targetHints":{"allow":["GET"]}}],"collection":[{"href":"https:\/\/oexpressobr.com.br\/index.php?rest_route=\/wp\/v2\/posts"}],"about":[{"href":"https:\/\/oexpressobr.com.br\/index.php?rest_route=\/wp\/v2\/types\/post"}],"author":[{"embeddable":true,"href":"https:\/\/oexpressobr.com.br\/index.php?rest_route=\/wp\/v2\/users\/1"}],"replies":[{"embeddable":true,"href":"https:\/\/oexpressobr.com.br\/index.php?rest_route=%2Fwp%2Fv2%2Fcomments&post=4891"}],"version-history":[{"count":1,"href":"https:\/\/oexpressobr.com.br\/index.php?rest_route=\/wp\/v2\/posts\/4891\/revisions"}],"predecessor-version":[{"id":4893,"href":"https:\/\/oexpressobr.com.br\/index.php?rest_route=\/wp\/v2\/posts\/4891\/revisions\/4893"}],"wp:featuredmedia":[{"embeddable":true,"href":"https:\/\/oexpressobr.com.br\/index.php?rest_route=\/wp\/v2\/media\/4892"}],"wp:attachment":[{"href":"https:\/\/oexpressobr.com.br\/index.php?rest_route=%2Fwp%2Fv2%2Fmedia&parent=4891"}],"wp:term":[{"taxonomy":"category","embeddable":true,"href":"https:\/\/oexpressobr.com.br\/index.php?rest_route=%2Fwp%2Fv2%2Fcategories&post=4891"},{"taxonomy":"post_tag","embeddable":true,"href":"https:\/\/oexpressobr.com.br\/index.php?rest_route=%2Fwp%2Fv2%2Ftags&post=4891"}],"curies":[{"name":"wp","href":"https:\/\/api.w.org\/{rel}","templated":true}]}}