{"id":4897,"date":"2026-03-02T06:26:41","date_gmt":"2026-03-02T09:26:41","guid":{"rendered":"https:\/\/oexpressobr.com.br\/?p=4897"},"modified":"2026-03-02T06:26:44","modified_gmt":"2026-03-02T09:26:44","slug":"ira-e-israel-divergem-sobre-bombardeio-em-escola-que-deixou-153-mortos","status":"publish","type":"post","link":"https:\/\/oexpressobr.com.br\/?p=4897","title":{"rendered":"Ir\u00e3 e Israel divergem sobre bombardeio em escola que deixou 153 mortos"},"content":{"rendered":"\n<p class=\"wp-block-paragraph\">O governo do <strong>Ir\u00e3<\/strong> confirmou neste domingo que o balan\u00e7o de mortos no ataque a uma escola prim\u00e1ria para meninas na cidade de <strong>Minab<\/strong>, no sul do pa\u00eds, subiu para <strong>153<\/strong>. Segundo as autoridades iranianas, o local foi atingido por m\u00edsseis durante a ofensiva conjunta liderada por <strong>Israel<\/strong> e pelos <strong>Estados Unidos<\/strong>. Em contrapartida, um porta-voz das <strong>For\u00e7as de Defesa de Israel (FDI)<\/strong> declarou &#8220;desconhecer&#8221; qualquer opera\u00e7\u00e3o militar realizada especificamente naquela \u00e1rea.<\/p>\n\n\n\n<h3 class=\"wp-block-heading\">\u200bO incidente e as v\u00edtimas<\/h3>\n\n\n\n<p class=\"wp-block-paragraph\">\u200bO bombardeio ocorreu no \u00faltimo s\u00e1bado (28 de fevereiro), em um momento em que as alunas estavam em aula. De acordo com o Minist\u00e9rio da Educa\u00e7\u00e3o do Ir\u00e3, al\u00e9m das 153 v\u00edtimas fatais \u2014 em sua maioria crian\u00e7as \u2014, h\u00e1 pelo menos <strong>95 feridos<\/strong>. Imagens verificadas por ag\u00eancias internacionais mostram o pr\u00e9dio parcialmente colapsado e equipes de resgate retirando materiais escolares dos escombros.<\/p>\n\n\n\n<p class=\"wp-block-paragraph\">\u200bEspecialistas militares observam que a escola est\u00e1 localizada a aproximadamente 600 metros de uma base da <strong>Guarda Revolucion\u00e1ria Isl\u00e2mica<\/strong>, o que levanta hip\u00f3teses sobre a precis\u00e3o dos alvos ou danos colaterais severos.<\/p>\n\n\n\n<h3 class=\"wp-block-heading\">\u200bContexto da escalada militar<\/h3>\n\n\n\n<p class=\"wp-block-paragraph\">\u200bO ataque \u00e0 escola insere-se em um cen\u00e1rio de guerra aberta iniciado no \u00faltimo final de semana:<\/p>\n\n\n\n<ul class=\"wp-block-list\">\n<li>\u200b<strong>Ofensiva Combinada:<\/strong> O presidente dos EUA, <strong>Donald Trump<\/strong>, e o primeiro-ministro de Israel, <strong>Benjamin Netanyahu<\/strong>, confirmaram uma s\u00e9rie de ataques coordenados com o objetivo de &#8220;eliminar amea\u00e7as&#8221; do regime iraniano.<\/li>\n\n\n\n<li>\u200b<strong>Baixas no C\u00fapula:<\/strong> O conflito j\u00e1 resultou na morte do l\u00edder supremo do Ir\u00e3, <strong>Ali Khamenei<\/strong>, e de outras figuras de alto escal\u00e3o, como o ex-presidente <strong>Mahmoud Ahmadinejad<\/strong>.<\/li>\n\n\n\n<li>\u200b<strong>Retalia\u00e7\u00e3o:<\/strong> O Ir\u00e3 respondeu com disparos de m\u00edsseis contra Israel e bases americanas na regi\u00e3o, atingindo cidades como Beit Shemesh e abrigos antia\u00e9reos pr\u00f3ximos a Jerusal\u00e9m.<\/li>\n<\/ul>\n\n\n\n<h3 class=\"wp-block-heading\">\u200bRea\u00e7\u00f5es internacionais<\/h3>\n\n\n\n<p class=\"wp-block-paragraph\">\u200bA <strong>UNESCO<\/strong> e o secret\u00e1rio-geral da ONU, <strong>Ant\u00f3nio Guterres<\/strong>, condenaram o bombardeio \u00e0 institui\u00e7\u00e3o de ensino, classificando-o como uma &#8220;grave viola\u00e7\u00e3o do direito humanit\u00e1rio&#8221;. Enquanto isso, o governo interino iraniano, agora sob o comando do aiatol\u00e1 <strong>Alireza Arafi<\/strong>, decretou 40 dias de luto nacional.<\/p>\n\n\n\n<p class=\"wp-block-paragraph\">\u200bO clima de tens\u00e3o permanece elevado, com Netanyahu afirmando que a ofensiva ser\u00e1 &#8220;intensificada&#8221; e Trump amea\u00e7ando usar uma for\u00e7a &#8220;nunca antes vista&#8221; caso Teer\u00e3 continue as retalia\u00e7\u00f5es.<\/p>\n","protected":false},"excerpt":{"rendered":"<p>O governo do Ir\u00e3 confirmou neste domingo que o balan\u00e7o de mortos no ataque a uma escola prim\u00e1ria para meninas na cidade de Minab, no [&#8230;]<\/p>\n","protected":false},"author":1,"featured_media":4898,"comment_status":"open","ping_status":"open","sticky":false,"template":"","format":"standard","meta":{"_crdt_document":"","_jetpack_memberships_contains_paid_content":false,"footnotes":"","jetpack_publicize_message":"","jetpack_publicize_feature_enabled":true,"jetpack_social_post_already_shared":true,"jetpack_social_options":{"image_generator_settings":{"template":"highway","default_image_id":0,"font":"","enabled":false},"version":2}},"categories":[15],"tags":[],"class_list":["post-4897","post","type-post","status-publish","format-standard","has-post-thumbnail","hentry","category-internacional"],"jetpack_publicize_connections":[],"jetpack_featured_media_url":"https:\/\/i0.wp.com\/oexpressobr.com.br\/wp-content\/uploads\/2026\/03\/IMG-20260302-WA0220.jpg?fit=984%2C552&ssl=1","jetpack_likes_enabled":true,"jetpack_sharing_enabled":true,"_links":{"self":[{"href":"https:\/\/oexpressobr.com.br\/index.php?rest_route=\/wp\/v2\/posts\/4897","targetHints":{"allow":["GET"]}}],"collection":[{"href":"https:\/\/oexpressobr.com.br\/index.php?rest_route=\/wp\/v2\/posts"}],"about":[{"href":"https:\/\/oexpressobr.com.br\/index.php?rest_route=\/wp\/v2\/types\/post"}],"author":[{"embeddable":true,"href":"https:\/\/oexpressobr.com.br\/index.php?rest_route=\/wp\/v2\/users\/1"}],"replies":[{"embeddable":true,"href":"https:\/\/oexpressobr.com.br\/index.php?rest_route=%2Fwp%2Fv2%2Fcomments&post=4897"}],"version-history":[{"count":1,"href":"https:\/\/oexpressobr.com.br\/index.php?rest_route=\/wp\/v2\/posts\/4897\/revisions"}],"predecessor-version":[{"id":4899,"href":"https:\/\/oexpressobr.com.br\/index.php?rest_route=\/wp\/v2\/posts\/4897\/revisions\/4899"}],"wp:featuredmedia":[{"embeddable":true,"href":"https:\/\/oexpressobr.com.br\/index.php?rest_route=\/wp\/v2\/media\/4898"}],"wp:attachment":[{"href":"https:\/\/oexpressobr.com.br\/index.php?rest_route=%2Fwp%2Fv2%2Fmedia&parent=4897"}],"wp:term":[{"taxonomy":"category","embeddable":true,"href":"https:\/\/oexpressobr.com.br\/index.php?rest_route=%2Fwp%2Fv2%2Fcategories&post=4897"},{"taxonomy":"post_tag","embeddable":true,"href":"https:\/\/oexpressobr.com.br\/index.php?rest_route=%2Fwp%2Fv2%2Ftags&post=4897"}],"curies":[{"name":"wp","href":"https:\/\/api.w.org\/{rel}","templated":true}]}}