{"id":4900,"date":"2026-03-02T06:31:23","date_gmt":"2026-03-02T09:31:23","guid":{"rendered":"https:\/\/oexpressobr.com.br\/?p=4900"},"modified":"2026-03-02T06:31:27","modified_gmt":"2026-03-02T09:31:27","slug":"jovem-e-ameacado-apos-ser-confundido-com-suspeito-de-estupro-coletivo-em-copacabana","status":"publish","type":"post","link":"https:\/\/oexpressobr.com.br\/?p=4900","title":{"rendered":"Jovem \u00e9 amea\u00e7ado ap\u00f3s ser confundido com suspeito de estupro coletivo em Copacabana"},"content":{"rendered":"\n<p class=\"wp-block-paragraph\">Um jovem carioca vive dias de tens\u00e3o ap\u00f3s ter seu nome e imagem associados por engano a um crime b\u00e1rbaro ocorrido no Rio de Janeiro. Ele relata estar recebendo uma onda de amea\u00e7as de morte em suas redes sociais por possuir um nome quase id\u00eantico ao de um dos envolvidos no estupro coletivo de uma adolescente em Copacabana, caso que gerou forte mobiliza\u00e7\u00e3o policial e institucional nesta virada de m\u00eas.<\/p>\n\n\n\n<h3 class=\"wp-block-heading\">\u200bO erro nas redes e as amea\u00e7as<\/h3>\n\n\n\n<p class=\"wp-block-paragraph\">\u200bA confus\u00e3o come\u00e7ou logo ap\u00f3s a divulga\u00e7\u00e3o dos nomes dos quatro maiores de idade indiciados pela Pol\u00edcia Civil. Usu\u00e1rios das redes sociais, em uma tentativa de fazer &#8220;justi\u00e7a com as pr\u00f3prias m\u00e3os&#8221;, localizaram o perfil do jovem inocente e passaram a compartilhar suas fotos como se ele fosse um dos foragidos.<\/p>\n\n\n\n<p class=\"wp-block-paragraph\">\u200bO rapaz, que n\u00e3o possui qualquer liga\u00e7\u00e3o com o crime, precisou restringir suas contas e manifestar-se publicamente para tentar estancar o linchamento virtual. &#8220;Est\u00e3o mandando mensagem dizendo que sabem onde eu moro. Eu n\u00e3o consigo mais sair de casa&#8221;, relatou ele em suas redes, refor\u00e7ando que o erro pode ter consequ\u00eancias tr\u00e1gicas.<\/p>\n\n\n\n<h3 class=\"wp-block-heading\">\u200bDesdobramentos: Col\u00e9gio Pedro II e investigados foragidos<\/h3>\n\n\n\n<p class=\"wp-block-paragraph\">\u200bAs investiga\u00e7\u00f5es apontam que o crime ocorreu em um apartamento no bairro de Copacabana e envolveu cinco indiv\u00edduos. De acordo com as atualiza\u00e7\u00f5es mais recentes das autoridades:<\/p>\n\n\n\n<ul class=\"wp-block-list\">\n<li>\u200b<strong>Afastamento institucional:<\/strong> O <strong>Col\u00e9gio Pedro II<\/strong> confirmou o afastamento de alunos da institui\u00e7\u00e3o que est\u00e3o entre os suspeitos. Em nota oficial emitida neste domingo (1\u00ba de mar\u00e7o), a reitoria afirmou que &#8220;n\u00e3o pode tolerar a barb\u00e1rie&#8221; e que colabora com as investiga\u00e7\u00f5es.<\/li>\n\n\n\n<li>\u200b<strong>Os acusados:<\/strong> Os nomes dos quatro maiores de idade indiciados e considerados foragidos pela Justi\u00e7a s\u00e3o:\n<ul class=\"wp-block-list\">\n<li>\u200b<strong>Bruno Felipe dos Santos Allegretti<\/strong><\/li>\n\n\n\n<li>\u200b<strong>Vitor Hugo Oliveira Simonin<\/strong><\/li>\n\n\n\n<li>\u200b<strong>Jo\u00e3o Gabriel Xavier<\/strong><\/li>\n\n\n\n<li>\u200b<strong>Matheus Ver\u00edssimo Zoel Martins<\/strong><\/li>\n<\/ul>\n<\/li>\n\n\n\n<li>\u200b<strong>Envolvimento de menor:<\/strong> Al\u00e9m dos quatro, um adolescente tamb\u00e9m \u00e9 investigado por participa\u00e7\u00e3o no crime.<\/li>\n<\/ul>\n\n\n\n<h3 class=\"wp-block-heading\">\u200bDetalhes do crime<\/h3>\n\n\n\n<p class=\"wp-block-paragraph\">\u200bA v\u00edtima, uma adolescente, relatou ter sido agredida e violada sexualmente ap\u00f3s ser atra\u00edda para o im\u00f3vel. C\u00e2meras de seguran\u00e7a registraram o momento em que a jovem deixou o pr\u00e9dio visivelmente abalada, enquanto um dos suspeitos retornava ao apartamento fazendo gestos interpretados pelos investigadores como &#8220;comemora\u00e7\u00e3o&#8221;.<\/p>\n\n\n\n<p class=\"wp-block-paragraph\">\u200bA Pol\u00edcia Civil do Rio de Janeiro segue realizando buscas na Baixada Fluminense e em outros pontos do estado para localizar os envolvidos, que respondem por estupro com concurso de pessoas.<\/p>\n\n\n\n<blockquote class=\"wp-block-quote is-layout-flow wp-block-quote-is-layout-flow\">\n<p class=\"wp-block-paragraph\">\u200b<strong>Importante:<\/strong> Se voc\u00ea tem informa\u00e7\u00f5es sobre o paradeiro dos suspeitos citados acima, denuncie anonimamente ao Disque Den\u00fancia pelo telefone <strong>2253-1177<\/strong>. N\u00e3o compartilhe fotos de pessoas sem confirma\u00e7\u00e3o oficial para evitar injusti\u00e7as contra inocentes.<\/p>\n<\/blockquote>\n","protected":false},"excerpt":{"rendered":"<p>Um jovem carioca vive dias de tens\u00e3o ap\u00f3s ter seu nome e imagem associados por engano a um crime b\u00e1rbaro ocorrido no Rio de Janeiro. [&#8230;]<\/p>\n","protected":false},"author":1,"featured_media":4901,"comment_status":"open","ping_status":"open","sticky":false,"template":"","format":"standard","meta":{"_crdt_document":"","_jetpack_memberships_contains_paid_content":false,"footnotes":"","jetpack_publicize_message":"","jetpack_publicize_feature_enabled":true,"jetpack_social_post_already_shared":true,"jetpack_social_options":{"image_generator_settings":{"template":"highway","default_image_id":0,"font":"","enabled":false},"version":2}},"categories":[9],"tags":[],"class_list":["post-4900","post","type-post","status-publish","format-standard","has-post-thumbnail","hentry","category-policia"],"jetpack_publicize_connections":[],"jetpack_featured_media_url":"https:\/\/i0.wp.com\/oexpressobr.com.br\/wp-content\/uploads\/2026\/03\/IMG-20260302-WA0232.jpg?fit=984%2C705&ssl=1","jetpack_likes_enabled":true,"jetpack_sharing_enabled":true,"_links":{"self":[{"href":"https:\/\/oexpressobr.com.br\/index.php?rest_route=\/wp\/v2\/posts\/4900","targetHints":{"allow":["GET"]}}],"collection":[{"href":"https:\/\/oexpressobr.com.br\/index.php?rest_route=\/wp\/v2\/posts"}],"about":[{"href":"https:\/\/oexpressobr.com.br\/index.php?rest_route=\/wp\/v2\/types\/post"}],"author":[{"embeddable":true,"href":"https:\/\/oexpressobr.com.br\/index.php?rest_route=\/wp\/v2\/users\/1"}],"replies":[{"embeddable":true,"href":"https:\/\/oexpressobr.com.br\/index.php?rest_route=%2Fwp%2Fv2%2Fcomments&post=4900"}],"version-history":[{"count":1,"href":"https:\/\/oexpressobr.com.br\/index.php?rest_route=\/wp\/v2\/posts\/4900\/revisions"}],"predecessor-version":[{"id":4902,"href":"https:\/\/oexpressobr.com.br\/index.php?rest_route=\/wp\/v2\/posts\/4900\/revisions\/4902"}],"wp:featuredmedia":[{"embeddable":true,"href":"https:\/\/oexpressobr.com.br\/index.php?rest_route=\/wp\/v2\/media\/4901"}],"wp:attachment":[{"href":"https:\/\/oexpressobr.com.br\/index.php?rest_route=%2Fwp%2Fv2%2Fmedia&parent=4900"}],"wp:term":[{"taxonomy":"category","embeddable":true,"href":"https:\/\/oexpressobr.com.br\/index.php?rest_route=%2Fwp%2Fv2%2Fcategories&post=4900"},{"taxonomy":"post_tag","embeddable":true,"href":"https:\/\/oexpressobr.com.br\/index.php?rest_route=%2Fwp%2Fv2%2Ftags&post=4900"}],"curies":[{"name":"wp","href":"https:\/\/api.w.org\/{rel}","templated":true}]}}