{"id":4903,"date":"2026-03-02T06:35:34","date_gmt":"2026-03-02T09:35:34","guid":{"rendered":"https:\/\/oexpressobr.com.br\/?p=4903"},"modified":"2026-03-02T06:35:38","modified_gmt":"2026-03-02T09:35:38","slug":"reza-pahlavi-e-a-oposicao-buscam-liderar-transicao-no-ira-apos-relatos-de-morte-de-khamenei","status":"publish","type":"post","link":"https:\/\/oexpressobr.com.br\/?p=4903","title":{"rendered":"Reza Pahlavi e a oposi\u00e7\u00e3o buscam liderar transi\u00e7\u00e3o no Ir\u00e3 ap\u00f3s relatos de morte de Khamenei"},"content":{"rendered":"\n<p class=\"wp-block-paragraph\"><strong>TEER\u00c3 e WASHINGTON<\/strong> \u2013 O cen\u00e1rio pol\u00edtico no Ir\u00e3 atingiu um ponto de ebuli\u00e7\u00e3o neste in\u00edcio de mar\u00e7o de 2026. Ap\u00f3s semanas de intensos protestos populares e rumores persistentes sobre a morte ou incapacita\u00e7\u00e3o total do L\u00edder Supremo, <strong>Ali Khamenei<\/strong>, a figura de <strong>Reza Pahlavi<\/strong>, herdeiro do antigo trono persa, emergiu como o principal articulador de uma poss\u00edvel transi\u00e7\u00e3o de regime.<\/p>\n\n\n\n<h3 class=\"wp-block-heading\">\u200bO &#8220;Projeto Prosperidade&#8221; e a queda do sistema clerical<\/h3>\n\n\n\n<p class=\"wp-block-paragraph\">\u200bDiretamente do ex\u00edlio, Pahlavi apresentou o que chama de <strong>Projeto Prosperidade do Ir\u00e3<\/strong>, um roteiro detalhado para evitar o caos institucional caso a Rep\u00fablica Isl\u00e2mica colapse. Segundo o herdeiro, o sistema teocr\u00e1tico est\u00e1 em seus &#8220;\u00faltimos suspiros&#8221;.<\/p>\n\n\n\n<ul class=\"wp-block-list\">\n<li>\u200b<strong>Legitimidade da Sucess\u00e3o:<\/strong> Pahlavi afirmou que qualquer tentativa da Assembleia de Especialistas de nomear um sucessor para Khamenei n\u00e3o ter\u00e1 legitimidade perante o povo ou a comunidade internacional.<\/li>\n\n\n\n<li>\u200b<strong>Governo Transicional:<\/strong> O plano prev\u00ea um governo tempor\u00e1rio focado na estabiliza\u00e7\u00e3o econ\u00f4mica e na seguran\u00e7a nacional, com o objetivo de redigir uma nova Constitui\u00e7\u00e3o laica.<\/li>\n\n\n\n<li>\u200b<strong>Elei\u00e7\u00f5es Livres:<\/strong> O herdeiro refor\u00e7ou que n\u00e3o busca a restaura\u00e7\u00e3o da monarquia por decreto, mas sim atuar como uma &#8220;ponte&#8221; at\u00e9 que elei\u00e7\u00f5es supervisionadas internacionalmente decidam o futuro sistema de governo (monarquia parlamentar ou rep\u00fablica).<\/li>\n<\/ul>\n\n\n\n<h3 class=\"wp-block-heading\">\u200bTens\u00e3o interna e press\u00e3o internacional<\/h3>\n\n\n\n<p class=\"wp-block-paragraph\">\u200bO momento \u00e9 marcado por uma dualidade perigosa. Enquanto o governo em Teer\u00e3 tenta manter o controle atrav\u00e9s de forte repress\u00e3o e bloqueios de internet, a oposi\u00e7\u00e3o ganha f\u00f4lego com o apoio vocal de l\u00edderes ocidentais.<\/p>\n\n\n\n<h3 class=\"wp-block-heading\">Desafios no horizonte<\/h3>\n\n\n\n<p class=\"wp-block-paragraph\">\u200bApesar do otimismo da oposi\u00e7\u00e3o, especialistas alertam para o risco de uma guerra civil ou de um v\u00e1cuo de poder preenchido por fac\u00e7\u00f5es militares. A Guarda Revolucion\u00e1ria (IRGC) ainda det\u00e9m grande parte do arsenal e do controle econ\u00f4mico do pa\u00eds, e sua resist\u00eancia a uma transi\u00e7\u00e3o democr\u00e1tica \u00e9 o maior obst\u00e1culo para os planos de Pahlavi.<\/p>\n\n\n\n<blockquote class=\"wp-block-quote is-layout-flow wp-block-quote-is-layout-flow\">\n<p class=\"wp-block-paragraph\">\u200b&#8221;A vit\u00f3ria final ser\u00e1 forjada pelo povo iraniano no terreno, mas estamos prontos para garantir que essa mudan\u00e7a n\u00e3o resulte no caos que vimos em outros pa\u00edses da regi\u00e3o&#8221;, declarou Pahlavi durante a Confer\u00eancia de Seguran\u00e7a de Munique no m\u00eas passado.<\/p>\n<\/blockquote>\n","protected":false},"excerpt":{"rendered":"<p>TEER\u00c3 e WASHINGTON \u2013 O cen\u00e1rio pol\u00edtico no Ir\u00e3 atingiu um ponto de ebuli\u00e7\u00e3o neste in\u00edcio de mar\u00e7o de 2026. Ap\u00f3s semanas de intensos protestos [&#8230;]<\/p>\n","protected":false},"author":1,"featured_media":4904,"comment_status":"open","ping_status":"open","sticky":false,"template":"","format":"standard","meta":{"_crdt_document":"","_jetpack_memberships_contains_paid_content":false,"footnotes":"","jetpack_publicize_message":"","jetpack_publicize_feature_enabled":true,"jetpack_social_post_already_shared":true,"jetpack_social_options":{"image_generator_settings":{"template":"highway","default_image_id":0,"font":"","enabled":false},"version":2}},"categories":[15],"tags":[],"class_list":["post-4903","post","type-post","status-publish","format-standard","has-post-thumbnail","hentry","category-internacional"],"jetpack_publicize_connections":[],"jetpack_featured_media_url":"https:\/\/i0.wp.com\/oexpressobr.com.br\/wp-content\/uploads\/2026\/03\/IMG-20260302-WA0234.jpg?fit=952%2C541&ssl=1","jetpack_likes_enabled":true,"jetpack_sharing_enabled":true,"_links":{"self":[{"href":"https:\/\/oexpressobr.com.br\/index.php?rest_route=\/wp\/v2\/posts\/4903","targetHints":{"allow":["GET"]}}],"collection":[{"href":"https:\/\/oexpressobr.com.br\/index.php?rest_route=\/wp\/v2\/posts"}],"about":[{"href":"https:\/\/oexpressobr.com.br\/index.php?rest_route=\/wp\/v2\/types\/post"}],"author":[{"embeddable":true,"href":"https:\/\/oexpressobr.com.br\/index.php?rest_route=\/wp\/v2\/users\/1"}],"replies":[{"embeddable":true,"href":"https:\/\/oexpressobr.com.br\/index.php?rest_route=%2Fwp%2Fv2%2Fcomments&post=4903"}],"version-history":[{"count":1,"href":"https:\/\/oexpressobr.com.br\/index.php?rest_route=\/wp\/v2\/posts\/4903\/revisions"}],"predecessor-version":[{"id":4905,"href":"https:\/\/oexpressobr.com.br\/index.php?rest_route=\/wp\/v2\/posts\/4903\/revisions\/4905"}],"wp:featuredmedia":[{"embeddable":true,"href":"https:\/\/oexpressobr.com.br\/index.php?rest_route=\/wp\/v2\/media\/4904"}],"wp:attachment":[{"href":"https:\/\/oexpressobr.com.br\/index.php?rest_route=%2Fwp%2Fv2%2Fmedia&parent=4903"}],"wp:term":[{"taxonomy":"category","embeddable":true,"href":"https:\/\/oexpressobr.com.br\/index.php?rest_route=%2Fwp%2Fv2%2Fcategories&post=4903"},{"taxonomy":"post_tag","embeddable":true,"href":"https:\/\/oexpressobr.com.br\/index.php?rest_route=%2Fwp%2Fv2%2Ftags&post=4903"}],"curies":[{"name":"wp","href":"https:\/\/api.w.org\/{rel}","templated":true}]}}