{"id":4909,"date":"2026-03-02T06:46:21","date_gmt":"2026-03-02T09:46:21","guid":{"rendered":"https:\/\/oexpressobr.com.br\/?p=4909"},"modified":"2026-03-02T06:46:25","modified_gmt":"2026-03-02T09:46:25","slug":"donald-trump-benjamin-netanyahu-e-liderancas-iranianas-elevam-tensao-apos-ataque-coordenado-contra-o-ira","status":"publish","type":"post","link":"https:\/\/oexpressobr.com.br\/?p=4909","title":{"rendered":"Donald Trump, Benjamin Netanyahu e lideran\u00e7as iranianas elevam tens\u00e3o ap\u00f3s ataque coordenado contra o Ir\u00e3"},"content":{"rendered":"\n<p class=\"wp-block-paragraph\">\u200bA comunidade internacional observa com apreens\u00e3o o que especialistas j\u00e1 classificam como um &#8220;cen\u00e1rio sombrio&#8221; para a seguran\u00e7a global. Ap\u00f3s os ataques conjuntos realizados pelos <strong>Estados Unidos<\/strong> e <strong>Israel<\/strong> contra o territ\u00f3rio do <strong>Ir\u00e3<\/strong> no \u00faltimo s\u00e1bado (28 de fevereiro de 2026), o risco de uma escalada nuclear e de um conflito regional sem precedentes atingiu seu ponto mais cr\u00edtico.<\/p>\n\n\n\n<h3 class=\"wp-block-heading\">\u200bO Contexto da Ofensiva<\/h3>\n\n\n\n<p class=\"wp-block-paragraph\">\u200bA opera\u00e7\u00e3o militar, descrita pelo presidente americano <strong>Donald Trump<\/strong> como uma a\u00e7\u00e3o &#8220;preventiva&#8221; e de for\u00e7a &#8220;nunca antes vista&#8221;, teve como alvo instala\u00e7\u00f5es estrat\u00e9gicas iranianas. O primeiro-ministro israelense, <strong>Benjamin Netanyahu<\/strong>, afirmou que a ofensiva visa neutralizar a amea\u00e7a at\u00f4mica de Teer\u00e3 e encorajar uma mudan\u00e7a de regime no pa\u00eds.<\/p>\n\n\n\n<p class=\"wp-block-paragraph\">\u200bOs bombardeios ocorreram em um momento de ruptura diplom\u00e1tica, ap\u00f3s o fracasso das negocia\u00e7\u00f5es em Genebra sobre o programa nuclear iraniano. Relat\u00f3rios indicam que o ataque pode ter resultado na morte de figuras centrais da pol\u00edtica iraniana, incluindo rumores sobre o estado de sa\u00fade do L\u00edder Supremo, embora Teer\u00e3 mantenha o sigilo sobre as baixas de alto escal\u00e3o.<\/p>\n\n\n\n<h3 class=\"wp-block-heading\">\u200bO Risco Nuclear e a Resposta da AIEA<\/h3>\n\n\n\n<p class=\"wp-block-paragraph\">\u200bA <strong>Ag\u00eancia Internacional de Energia At\u00f4mica (AIEA)<\/strong> convocou uma reuni\u00e3o de emerg\u00eancia em Viena nesta segunda-feira (2 de mar\u00e7o de 2026). O diretor-geral da ag\u00eancia, <strong>Rafael Grossi<\/strong>, expressou profunda preocupa\u00e7\u00e3o com a seguran\u00e7a das instala\u00e7\u00f5es nucleares, como <strong>Bushehr<\/strong>, <strong>Natanz<\/strong> e <strong>Fordow<\/strong>.<\/p>\n\n\n\n<ul class=\"wp-block-list\">\n<li>\u200b<strong>Capacidade T\u00e9cnica:<\/strong> Antes do ataque, a AIEA estimava que o Ir\u00e3 possu\u00eda estoques de ur\u00e2nio enriquecido a 60%, n\u00edvel tecnicamente pr\u00f3ximo ao necess\u00e1rio para a produ\u00e7\u00e3o de ogivas nucleares.<\/li>\n\n\n\n<li>\u200b<strong>Monitoramento:<\/strong> A ag\u00eancia admitiu ter perdido a &#8220;continuidade de conhecimento&#8221; sobre as atividades iranianas devido ao desligamento de c\u00e2meras de vigil\u00e2ncia e \u00e0s restri\u00e7\u00f5es impostas por Teer\u00e3 em resposta \u00e0s san\u00e7\u00f5es.<\/li>\n\n\n\n<li>\u200b<strong>Retalia\u00e7\u00e3o:<\/strong> O Ir\u00e3 j\u00e1 iniciou contra-ataques utilizando m\u00edsseis bal\u00edsticos e drones contra bases americanas no Catar, Bahrein e Kuwait, al\u00e9m de disparos direcionados a Israel.<\/li>\n<\/ul>\n\n\n\n<h3 class=\"wp-block-heading\">\u200bImpactos Geopol\u00edticos e Econ\u00f4micos<\/h3>\n\n\n\n<p class=\"wp-block-paragraph\">\u200bEspecialistas em rela\u00e7\u00f5es internacionais alertam que a estrat\u00e9gia de &#8220;press\u00e3o m\u00e1xima&#8221; adotada por Washington pode ter o efeito oposto ao desejado, empurrando o Ir\u00e3 para uma militariza\u00e7\u00e3o nuclear definitiva como forma de sobreviv\u00eancia.<\/p>\n\n\n\n<blockquote class=\"wp-block-quote is-layout-flow wp-block-quote-is-layout-flow\">\n<p class=\"wp-block-paragraph\">\u200b&#8221;O ataque militar em meio a negocia\u00e7\u00f5es joga qualquer chance de solu\u00e7\u00e3o diplom\u00e1tica no lixo&#8221;, avalia Leonardo Paz Neves, pesquisador da FGV.<\/p>\n<\/blockquote>\n\n\n\n<p class=\"wp-block-paragraph\">\u200bA escalada atual coloca o mundo diante de um dilema: a possibilidade de uma guerra aberta que, pela primeira vez em d\u00e9cadas, flerta diretamente com o uso de capacidades n\u00e3o convencionais no Oriente M\u00e9dio.<\/p>\n","protected":false},"excerpt":{"rendered":"<p>\u200bA comunidade internacional observa com apreens\u00e3o o que especialistas j\u00e1 classificam como um &#8220;cen\u00e1rio sombrio&#8221; para a seguran\u00e7a global. Ap\u00f3s os ataques conjuntos realizados pelos [&#8230;]<\/p>\n","protected":false},"author":1,"featured_media":4910,"comment_status":"open","ping_status":"open","sticky":false,"template":"","format":"standard","meta":{"_crdt_document":"","_jetpack_memberships_contains_paid_content":false,"footnotes":"","jetpack_publicize_message":"","jetpack_publicize_feature_enabled":true,"jetpack_social_post_already_shared":true,"jetpack_social_options":{"image_generator_settings":{"template":"highway","default_image_id":0,"font":"","enabled":false},"version":2}},"categories":[15],"tags":[],"class_list":["post-4909","post","type-post","status-publish","format-standard","has-post-thumbnail","hentry","category-internacional"],"jetpack_publicize_connections":[],"jetpack_featured_media_url":"https:\/\/i0.wp.com\/oexpressobr.com.br\/wp-content\/uploads\/2026\/03\/IMG-20260302-WA0235.jpg?fit=984%2C656&ssl=1","jetpack_likes_enabled":true,"jetpack_sharing_enabled":true,"_links":{"self":[{"href":"https:\/\/oexpressobr.com.br\/index.php?rest_route=\/wp\/v2\/posts\/4909","targetHints":{"allow":["GET"]}}],"collection":[{"href":"https:\/\/oexpressobr.com.br\/index.php?rest_route=\/wp\/v2\/posts"}],"about":[{"href":"https:\/\/oexpressobr.com.br\/index.php?rest_route=\/wp\/v2\/types\/post"}],"author":[{"embeddable":true,"href":"https:\/\/oexpressobr.com.br\/index.php?rest_route=\/wp\/v2\/users\/1"}],"replies":[{"embeddable":true,"href":"https:\/\/oexpressobr.com.br\/index.php?rest_route=%2Fwp%2Fv2%2Fcomments&post=4909"}],"version-history":[{"count":1,"href":"https:\/\/oexpressobr.com.br\/index.php?rest_route=\/wp\/v2\/posts\/4909\/revisions"}],"predecessor-version":[{"id":4911,"href":"https:\/\/oexpressobr.com.br\/index.php?rest_route=\/wp\/v2\/posts\/4909\/revisions\/4911"}],"wp:featuredmedia":[{"embeddable":true,"href":"https:\/\/oexpressobr.com.br\/index.php?rest_route=\/wp\/v2\/media\/4910"}],"wp:attachment":[{"href":"https:\/\/oexpressobr.com.br\/index.php?rest_route=%2Fwp%2Fv2%2Fmedia&parent=4909"}],"wp:term":[{"taxonomy":"category","embeddable":true,"href":"https:\/\/oexpressobr.com.br\/index.php?rest_route=%2Fwp%2Fv2%2Fcategories&post=4909"},{"taxonomy":"post_tag","embeddable":true,"href":"https:\/\/oexpressobr.com.br\/index.php?rest_route=%2Fwp%2Fv2%2Ftags&post=4909"}],"curies":[{"name":"wp","href":"https:\/\/api.w.org\/{rel}","templated":true}]}}