{"id":4913,"date":"2026-03-02T06:59:02","date_gmt":"2026-03-02T09:59:02","guid":{"rendered":"https:\/\/oexpressobr.com.br\/?p=4913"},"modified":"2026-03-02T06:59:06","modified_gmt":"2026-03-02T09:59:06","slug":"ira-e-eua-travam-batalha-de-narrativas-sobre-porta-avioes-em-escalada-no-golfo","status":"publish","type":"post","link":"https:\/\/oexpressobr.com.br\/?p=4913","title":{"rendered":"Ir\u00e3 e EUA travam batalha de narrativas sobre porta-avi\u00f5es em escalada no Golfo"},"content":{"rendered":"\n<p class=\"wp-block-paragraph\">\u200bA tens\u00e3o militar no Oriente M\u00e9dio atingiu um novo patamar de gravidade neste domingo (1\u00ba) e segunda-feira (2). A <strong>Guarda Revolucion\u00e1ria do Ir\u00e3 (IRGC)<\/strong> afirmou ter atingido o porta-avi\u00f5es nuclear norte-americano <strong>USS Abraham Lincoln<\/strong> com m\u00edsseis bal\u00edsticos no Mar Ar\u00e1bico. Quase simultaneamente, o governo de <strong>Donald Trump<\/strong> negou o impacto e contra-atacou, afirmando que as for\u00e7as dos EUA afundaram um navio de guerra iraniano pr\u00f3ximo ao porto de Chah Bahar.<\/p>\n\n\n\n<h3 class=\"wp-block-heading\">\u200bVers\u00f5es conflitantes e baixas no mar<\/h3>\n\n\n\n<p class=\"wp-block-paragraph\">\u200bO an\u00fancio de Teer\u00e3 sobre o ataque ao Lincoln elevou o alerta global. Segundo fontes iranianas, quatro proj\u00e9teis teriam sido disparados contra a embarca\u00e7\u00e3o. Contudo, o <strong>Comando Central dos EUA (CENTCOM)<\/strong> classificou a alega\u00e7\u00e3o como &#8220;mentira&#8221;, assegurando que os m\u00edsseis sequer chegaram perto do alvo e que o porta-avi\u00f5es continua operando normalmente.<\/p>\n\n\n\n<p class=\"wp-block-paragraph\">\u200bPor outro lado, Washington subiu o tom. O presidente Trump usou as redes sociais para ironizar a capacidade naval iraniana:<\/p>\n\n\n\n<blockquote class=\"wp-block-quote is-layout-flow wp-block-quote-is-layout-flow\">\n<p class=\"wp-block-paragraph\">\u200b&#8221;V\u00e3o flutuar no fundo do mar. Estamos dizimando a Marinha deles&#8221;, declarou, confirmando que opera\u00e7\u00f5es amplas est\u00e3o em curso para destruir o aparato militar de Teer\u00e3.<\/p>\n<\/blockquote>\n\n\n\n<h3 class=\"wp-block-heading\">\u200bEstreito de Hormuz sob fogo<\/h3>\n\n\n\n<p class=\"wp-block-paragraph\">\u200bA guerra, que se intensificou ap\u00f3s ataques coordenados de <strong>EUA e Israel<\/strong> contra o territ\u00f3rio iraniano no \u00faltimo s\u00e1bado (28 de fevereiro), agora estrangula a economia mundial. Pelo menos <strong>dois petroleiros foram atingidos<\/strong> por proj\u00e9teis no Estreito de Hormuz e na costa de Om\u00e3 nas \u00faltimas 48 horas.<\/p>\n\n\n\n<ul class=\"wp-block-list\">\n<li>\u200b<strong>Impacto Econ\u00f4mico:<\/strong> O pre\u00e7o do petr\u00f3leo disparou no mercado internacional, com analistas prevendo que a commodity ultrapasse os <strong>US$ 100<\/strong> caso o estreito \u2014 por onde passa 20% do petr\u00f3leo global \u2014 seja totalmente bloqueado.<\/li>\n\n\n\n<li>\u200b<strong>V\u00edtimas Regionais:<\/strong> A retalia\u00e7\u00e3o iraniana com m\u00edsseis e drones j\u00e1 causou mortes em pa\u00edses vizinhos, incluindo os Emirados \u00c1rabes Unidos e o Kuwait, al\u00e9m de atingir bases americanas em toda a regi\u00e3o.<\/li>\n<\/ul>\n\n\n\n<h3 class=\"wp-block-heading\">\u200bContexto de instabilidade no poder<\/h3>\n\n\n\n<p class=\"wp-block-paragraph\">\u200bO conflito ocorre em um momento de v\u00e1cuo de lideran\u00e7a no Ir\u00e3. Relatos da m\u00eddia estatal confirmaram a <strong>morte do L\u00edder Supremo Ali Khamenei<\/strong>, de 86 anos, em meio aos bombardeios iniciais. Um per\u00edodo de luto de 40 dias foi decretado, enquanto o ex-presidente Mahmoud Ahmadinejad tamb\u00e9m teria sido morto em ataques anteriores.<\/p>\n\n\n\n<p class=\"wp-block-paragraph\">\u200bEnquanto Israel, sob o comando de <strong>Benjamin Netanyahu<\/strong>, promete intensificar a ofensiva para &#8220;eliminar o programa nuclear iraniano&#8221;, a comunidade internacional observa com temor uma poss\u00edvel escalada para um conflito nuclear ou uma guerra regional total e prolongada.<\/p>\n","protected":false},"excerpt":{"rendered":"<p>\u200bA tens\u00e3o militar no Oriente M\u00e9dio atingiu um novo patamar de gravidade neste domingo (1\u00ba) e segunda-feira (2). A Guarda Revolucion\u00e1ria do Ir\u00e3 (IRGC) afirmou [&#8230;]<\/p>\n","protected":false},"author":1,"featured_media":4914,"comment_status":"open","ping_status":"open","sticky":false,"template":"","format":"standard","meta":{"_crdt_document":"","_jetpack_memberships_contains_paid_content":false,"footnotes":"","jetpack_publicize_message":"","jetpack_publicize_feature_enabled":true,"jetpack_social_post_already_shared":true,"jetpack_social_options":{"image_generator_settings":{"template":"highway","default_image_id":0,"font":"","enabled":false},"version":2}},"categories":[15],"tags":[],"class_list":["post-4913","post","type-post","status-publish","format-standard","has-post-thumbnail","hentry","category-internacional"],"jetpack_publicize_connections":[],"jetpack_featured_media_url":"https:\/\/i0.wp.com\/oexpressobr.com.br\/wp-content\/uploads\/2026\/03\/15891876595eb9144b50bcf_1589187659_3x2_xl.jpg?fit=1200%2C800&ssl=1","jetpack_likes_enabled":true,"jetpack_sharing_enabled":true,"_links":{"self":[{"href":"https:\/\/oexpressobr.com.br\/index.php?rest_route=\/wp\/v2\/posts\/4913","targetHints":{"allow":["GET"]}}],"collection":[{"href":"https:\/\/oexpressobr.com.br\/index.php?rest_route=\/wp\/v2\/posts"}],"about":[{"href":"https:\/\/oexpressobr.com.br\/index.php?rest_route=\/wp\/v2\/types\/post"}],"author":[{"embeddable":true,"href":"https:\/\/oexpressobr.com.br\/index.php?rest_route=\/wp\/v2\/users\/1"}],"replies":[{"embeddable":true,"href":"https:\/\/oexpressobr.com.br\/index.php?rest_route=%2Fwp%2Fv2%2Fcomments&post=4913"}],"version-history":[{"count":1,"href":"https:\/\/oexpressobr.com.br\/index.php?rest_route=\/wp\/v2\/posts\/4913\/revisions"}],"predecessor-version":[{"id":4915,"href":"https:\/\/oexpressobr.com.br\/index.php?rest_route=\/wp\/v2\/posts\/4913\/revisions\/4915"}],"wp:featuredmedia":[{"embeddable":true,"href":"https:\/\/oexpressobr.com.br\/index.php?rest_route=\/wp\/v2\/media\/4914"}],"wp:attachment":[{"href":"https:\/\/oexpressobr.com.br\/index.php?rest_route=%2Fwp%2Fv2%2Fmedia&parent=4913"}],"wp:term":[{"taxonomy":"category","embeddable":true,"href":"https:\/\/oexpressobr.com.br\/index.php?rest_route=%2Fwp%2Fv2%2Fcategories&post=4913"},{"taxonomy":"post_tag","embeddable":true,"href":"https:\/\/oexpressobr.com.br\/index.php?rest_route=%2Fwp%2Fv2%2Ftags&post=4913"}],"curies":[{"name":"wp","href":"https:\/\/api.w.org\/{rel}","templated":true}]}}