{"id":4916,"date":"2026-03-02T07:04:07","date_gmt":"2026-03-02T10:04:07","guid":{"rendered":"https:\/\/oexpressobr.com.br\/?p=4916"},"modified":"2026-03-02T07:04:11","modified_gmt":"2026-03-02T10:04:11","slug":"luiz-marinho-prioriza-jornada-de-40-horas-e-alerta-para-riscos-da-pejotizacao-no-stf","status":"publish","type":"post","link":"https:\/\/oexpressobr.com.br\/?p=4916","title":{"rendered":"Luiz Marinho prioriza jornada de 40 horas e alerta para riscos da pejotiza\u00e7\u00e3o no STF"},"content":{"rendered":"\n<p class=\"wp-block-paragraph\">Em um movimento estrat\u00e9gico para as rela\u00e7\u00f5es de trabalho no Brasil, o ministro do Trabalho e Emprego, <strong>Luiz Marinho<\/strong>, reafirmou que a prioridade imediata do governo Lula n\u00e3o \u00e9 a ado\u00e7\u00e3o de uma semana de 36 horas, mas sim a redu\u00e7\u00e3o da jornada m\u00e1xima de <strong>44 para 40 horas semanais<\/strong>. A declara\u00e7\u00e3o, feita em meio ao intenso debate sobre o &#8220;fim da escala 6&#215;1&#8221;, busca estabelecer um terreno de consenso entre as demandas sociais e a viabilidade econ\u00f4mica.<\/p>\n\n\n\n<h3 class=\"wp-block-heading\">\u200bO foco nas 40 horas e a cr\u00edtica \u00e0s 36 horas<\/h3>\n\n\n\n<p class=\"wp-block-paragraph\">\u200bEmbora o lema &#8220;fim da 6&#215;1&#8221; tenha ganhado for\u00e7a popular \u2014 especialmente entre jovens e mulheres, que s\u00e3o os mais afetados por jornadas exaustivas \u2014 Marinho foi direto ao classificar a proposta de 36 horas, prevista em algumas Propostas de Emenda \u00e0 Constitui\u00e7\u00e3o (PECs), como algo <strong>&#8220;n\u00e3o plaus\u00edvel ou de bom senso&#8221;<\/strong> para o atual momento da economia brasileira.<\/p>\n\n\n\n<p class=\"wp-block-paragraph\">\u200bPara o ministro, a transi\u00e7\u00e3o para 40 horas \u00e9 um passo natural e j\u00e1 &#8220;precificado&#8221; pelo mercado, uma vez que diversas categorias j\u00e1 operam nesse modelo via acordos coletivos. A estrat\u00e9gia do governo \u00e9:<\/p>\n\n\n\n<ul class=\"wp-block-list\">\n<li>\u200b<strong>Redu\u00e7\u00e3o da jornada m\u00e1xima legal:<\/strong> De 44h para 40h semanais.<\/li>\n\n\n\n<li>\u200b<strong>Fim da escala 6&#215;1 na pr\u00e1tica:<\/strong> Com a jornada de 40h e o limite de 8h di\u00e1rias, o modelo 5&#215;2 (cinco dias de trabalho por dois de descanso) torna-se o padr\u00e3o natural.<\/li>\n\n\n\n<li>\u200b<strong>Negocia\u00e7\u00e3o Coletiva:<\/strong> O governo defende que, embora a lei deva reduzir a carga hor\u00e1ria sem redu\u00e7\u00e3o de sal\u00e1rio, a defini\u00e7\u00e3o espec\u00edfica das escalas deve ser fruto de negocia\u00e7\u00e3o entre sindicatos e empresas.<\/li>\n<\/ul>\n\n\n\n<h3 class=\"wp-block-heading\">\u200bAlerta sobre a &#8220;cat\u00e1strofe&#8221; da pejotiza\u00e7\u00e3o no STF<\/h3>\n\n\n\n<p class=\"wp-block-paragraph\">\u200bAl\u00e9m da jornada, o Minist\u00e9rio do Trabalho monitora com apreens\u00e3o o posicionamento do <strong>Supremo Tribunal Federal (STF)<\/strong> sobre a <strong>pejotiza\u00e7\u00e3o<\/strong> (contrata\u00e7\u00e3o de trabalhadores como Pessoa Jur\u00eddica para fun\u00e7\u00f5es que teriam caracter\u00edsticas de emprego CLT).<\/p>\n\n\n\n<p class=\"wp-block-paragraph\">\u200bMarinho classificou uma poss\u00edvel libera\u00e7\u00e3o irrestrita dessa pr\u00e1tica como uma <strong>&#8220;aberra\u00e7\u00e3o&#8221;<\/strong> e uma <strong>&#8220;cat\u00e1strofe&#8221;<\/strong> para o sistema de prote\u00e7\u00e3o social. Os principais pontos de preocupa\u00e7\u00e3o do governo incluem:<\/p>\n\n\n\n<ol class=\"wp-block-list\">\n<li>\u200b<strong>Arrecada\u00e7\u00e3o do INSS:<\/strong> A migra\u00e7\u00e3o massiva para o modelo PJ reduz drasticamente as contribui\u00e7\u00f5es previdenci\u00e1rias, amea\u00e7ando o pagamento de aposentadorias futuras.<\/li>\n\n\n\n<li>\u200b<strong>Esvaziamento do FGTS:<\/strong> Sem o v\u00ednculo empregat\u00edcio, deixa de existir o dep\u00f3sito obrigat\u00f3rio do Fundo de Garantia.<\/li>\n\n\n\n<li>\u200b<strong>Sustentabilidade do FAT:<\/strong> O Fundo de Amparo ao Trabalhador, que financia o Seguro-Desemprego e o Abono Salarial, perderia sua principal fonte de custeio.<\/li>\n<\/ol>\n\n\n\n<h3 class=\"wp-block-heading\">\u200bPerspectivas para 2026<\/h3>\n\n\n\n<p class=\"wp-block-paragraph\">\u200bCom o cen\u00e1rio eleitoral de 2026 no horizonte, o ministro tem defendido que a sociedade deve pressionar o Congresso Nacional. &#8220;Se deixar o Parlamento livre, leve e solto, s\u00f3 vem preju\u00edzo para a classe trabalhadora&#8221;, afirmou em eventos recentes, comparando a tramita\u00e7\u00e3o de pautas trabalhistas a &#8220;feij\u00e3o velho&#8221;, que s\u00f3 cozinha sob press\u00e3o.<\/p>\n\n\n\n<p class=\"wp-block-paragraph\">\u200bO governo n\u00e3o descarta enviar um projeto pr\u00f3prio com regime de urg\u00eancia caso as negocia\u00e7\u00f5es sobre a redu\u00e7\u00e3o da jornada n\u00e3o avancem na C\u00e2mara dos Deputados nos pr\u00f3ximos meses.<\/p>\n","protected":false},"excerpt":{"rendered":"<p>Em um movimento estrat\u00e9gico para as rela\u00e7\u00f5es de trabalho no Brasil, o ministro do Trabalho e Emprego, Luiz Marinho, reafirmou que a prioridade imediata do [&#8230;]<\/p>\n","protected":false},"author":1,"featured_media":4917,"comment_status":"open","ping_status":"open","sticky":false,"template":"","format":"standard","meta":{"_crdt_document":"","_jetpack_memberships_contains_paid_content":false,"footnotes":"","jetpack_publicize_message":"","jetpack_publicize_feature_enabled":true,"jetpack_social_post_already_shared":true,"jetpack_social_options":{"image_generator_settings":{"template":"highway","default_image_id":0,"font":"","enabled":false},"version":2}},"categories":[3],"tags":[],"class_list":["post-4916","post","type-post","status-publish","format-standard","has-post-thumbnail","hentry","category-brasil"],"jetpack_publicize_connections":[],"jetpack_featured_media_url":"https:\/\/i0.wp.com\/oexpressobr.com.br\/wp-content\/uploads\/2026\/03\/177222893769a211493916f_1772228937_3x2_lg.jpg?fit=1024%2C683&ssl=1","jetpack_likes_enabled":true,"jetpack_sharing_enabled":true,"_links":{"self":[{"href":"https:\/\/oexpressobr.com.br\/index.php?rest_route=\/wp\/v2\/posts\/4916","targetHints":{"allow":["GET"]}}],"collection":[{"href":"https:\/\/oexpressobr.com.br\/index.php?rest_route=\/wp\/v2\/posts"}],"about":[{"href":"https:\/\/oexpressobr.com.br\/index.php?rest_route=\/wp\/v2\/types\/post"}],"author":[{"embeddable":true,"href":"https:\/\/oexpressobr.com.br\/index.php?rest_route=\/wp\/v2\/users\/1"}],"replies":[{"embeddable":true,"href":"https:\/\/oexpressobr.com.br\/index.php?rest_route=%2Fwp%2Fv2%2Fcomments&post=4916"}],"version-history":[{"count":1,"href":"https:\/\/oexpressobr.com.br\/index.php?rest_route=\/wp\/v2\/posts\/4916\/revisions"}],"predecessor-version":[{"id":4918,"href":"https:\/\/oexpressobr.com.br\/index.php?rest_route=\/wp\/v2\/posts\/4916\/revisions\/4918"}],"wp:featuredmedia":[{"embeddable":true,"href":"https:\/\/oexpressobr.com.br\/index.php?rest_route=\/wp\/v2\/media\/4917"}],"wp:attachment":[{"href":"https:\/\/oexpressobr.com.br\/index.php?rest_route=%2Fwp%2Fv2%2Fmedia&parent=4916"}],"wp:term":[{"taxonomy":"category","embeddable":true,"href":"https:\/\/oexpressobr.com.br\/index.php?rest_route=%2Fwp%2Fv2%2Fcategories&post=4916"},{"taxonomy":"post_tag","embeddable":true,"href":"https:\/\/oexpressobr.com.br\/index.php?rest_route=%2Fwp%2Fv2%2Ftags&post=4916"}],"curies":[{"name":"wp","href":"https:\/\/api.w.org\/{rel}","templated":true}]}}